{"id":3073,"date":"2024-05-06T11:05:15","date_gmt":"2024-05-06T10:05:15","guid":{"rendered":"https:\/\/szixi.hu\/web\/?p=3073"},"modified":"2024-05-11T11:59:27","modified_gmt":"2024-05-11T10:59:27","slug":"renkivuli-felveteli-a-2024-25-os-tanevre","status":"publish","type":"post","link":"https:\/\/szixi.hu\/web\/index.php\/2024\/05\/06\/renkivuli-felveteli-a-2024-25-os-tanevre\/","title":{"rendered":"Renk\u00edv\u00fcli felv\u00e9teli a 2024\/25-\u00f6s tan\u00e9vre"},"content":{"rendered":"\n<p>Kedves Nyolcadikas di\u00e1kok! Tisztelt Sz\u00fcl\u0151k!<\/p>\n\n\n\n<p>Szeretn\u00e9nk t\u00e1j\u00e9koztatni, hogy rendk\u00edv\u00fcl felv\u00e9teli elj\u00e1r\u00e1st hirdet\u00fcnk a norm\u00e1l felv\u00e9teliben be nem t\u00f6lt\u00f6tt szabad helyeinkre.<\/p>\n\n\n\n<p>A rendk\u00edv\u00fcli felv\u00e9teli id\u0151szak 2024. m\u00e1jus 6-t\u00f3l 2024. augusztus 31-ig tart. Ebben az id\u0151tartamban \u2013 korl\u00e1tozott sz\u00e1mban \u2013 m\u00e9g lehet jelentkezni a k\u00f6vetkez\u0151 szakm\u00e1inkra:<\/p>\n\n\n\n<ul class=\"wp-block-list\">\n<li><strong>P\u00e9nz\u00fcgyi-sz\u00e1mviteli \u00fcgyint\u00e9z\u0151 (technikum)<\/strong><\/li>\n\n\n\n<li><strong>Informatikai rendszer- \u00e9s alkalmaz\u00e1s-\u00fczemeltet\u0151 (technikum)<\/strong><\/li>\n<\/ul>\n\n\n\n<p>Amennyiben sz\u00edvesen j\u00f6nn\u00e9l iskol\u00e1nkba, nincs m\u00e1s teend\u0151d, mint az egyik sz\u00fcl\u0151vel\/gondvisel\u0151vel szem\u00e9lyesen bej\u00f6nni az int\u00e9zm\u00e9ny\u00fcnkbe \u00e9s jelentkezni a kiv\u00e1lasztott szakm\u00e1ra! A rendk\u00edv\u00fcli felv\u00e9teli elj\u00e1r\u00e1sban m\u00e1r nem k\u00f6telez\u0151 arra a szakra jelentkezni, amelyiket kor\u00e1bban jel\u00f6lted meg. A szabad helyek f\u00fcggv\u00e9ny\u00e9ben a m\u00e1sik k\u00e9pz\u00e9sre is lehet k\u00e9rni a felv\u00e9telt.<\/p>\n\n\n\n<p>Fontos tudni, hogy akkor is \u00e1t tudsz jelentkezni hozz\u00e1nk, ha a felv\u00e9teli rendszer besorolt m\u00e1r egy m\u00e1sik iskol\u00e1ba, de sz\u00edvesebben v\u00e1lasztan\u00e1l minket!<\/p>\n\n\n\n<p>A szabad helyeink korl\u00e1tozott sz\u00e1mban \u00e1llnak rendelkez\u00e9sre, \u00edgy azt javasoljuk miel\u0151bb jelentkezz! A felv\u00e9tel r\u00e9szleteir\u0151l \u00e9rdekl\u0151dni a 70\/684-8500-as telefonsz\u00e1mon vagy az iroda@szixi.hu c\u00edmen lehet \u00e9rdekl\u0151dni.<\/p>\n\n\n\n<p class=\"has-text-align-center\"><strong><em>V\u00e1runk szeretettel a Sz\u00e9chenyiben, ha egy versenyk\u00e9pes szakm\u00e1t szeretn\u00e9l tanulni!<\/em><\/strong><\/p>\n\n\n\n<figure class=\"wp-block-embed is-type-video is-provider-youtube wp-block-embed-youtube wp-embed-aspect-16-9 wp-has-aspect-ratio\"><div class=\"wp-block-embed__wrapper\">\nhttps:\/\/youtu.be\/UWSRaKR5BsY?si=RyKH2oY0QK1Yj0sY\n<\/div><\/figure>\n\n\n\n<p class=\"has-text-align-center has-background has-link-color wp-elements-e85ecd92e2da0748b83fb5b4d2f63719\" style=\"background-color:#8dd2fc29\"><strong>Mi\u00e9rt jobb a technikum, mint a gimn\u00e1zium?<\/strong><br><a href=\"https:\/\/szixi.hu\/web\/index.php\/miert-erdemes-technikumban-tanulni\/\" data-type=\"page\" data-id=\"3083\"><strong>Kattints ide \u00e9s n\u00e9zd meg, hogy a technikumi k\u00e9pz\u00e9s milyen el\u0151ny\u00f6kkel j\u00e1r!<\/strong><\/a><\/p>\n","protected":false},"excerpt":{"rendered":"<p>Kedves Nyolcadikas di\u00e1kok! Tisztelt Sz\u00fcl\u0151k! Szeretn\u00e9nk t\u00e1j\u00e9koztatni, hogy rendk\u00edv\u00fcl felv\u00e9teli elj\u00e1r\u00e1st hirdet\u00fcnk a norm\u00e1l felv\u00e9teliben be nem t\u00f6lt\u00f6tt szabad helyeinkre. A rendk\u00edv\u00fcli felv\u00e9teli id\u0151szak 2024. m\u00e1jus 6-t\u00f3l 2024. augusztus 31-ig tart. Ebben az id\u0151tartamban \u2013 korl\u00e1tozott sz\u00e1mban \u2013 m\u00e9g lehet jelentkezni a k\u00f6vetkez\u0151 szakm\u00e1inkra: Amennyiben sz\u00edvesen j\u00f6nn\u00e9l iskol\u00e1nkba, nincs m\u00e1s [&hellip;]<\/p>\n","protected":false},"author":1,"featured_media":3027,"comment_status":"closed","ping_status":"closed","sticky":false,"template":"","format":"standard","meta":{"_EventAllDay":false,"_EventTimezone":"","_EventStartDate":"","_EventEndDate":"","_EventStartDateUTC":"","_EventEndDateUTC":"","_EventShowMap":false,"_EventShowMapLink":false,"_EventURL":"","_EventCost":"","_EventCostDescription":"","_EventCurrencySymbol":"","_EventCurrencyCode":"","_EventCurrencyPosition":"","_EventDateTimeSeparator":"","_EventTimeRangeSeparator":"","_EventOrganizerID":[],"_EventVenueID":[],"_OrganizerEmail":"","_OrganizerPhone":"","_OrganizerWebsite":"","_VenueAddress":"","_VenueCity":"","_VenueCountry":"","_VenueProvince":"","_VenueState":"","_VenueZip":"","_VenuePhone":"","_VenueURL":"","_VenueStateProvince":"","_VenueLat":"","_VenueLng":"","_VenueShowMap":false,"_VenueShowMapLink":false,"footnotes":""},"categories":[1],"tags":[],"class_list":["post-3073","post","type-post","status-publish","format-standard","has-post-thumbnail","hentry","category-hirek"],"_links":{"self":[{"href":"https:\/\/szixi.hu\/web\/index.php\/wp-json\/wp\/v2\/posts\/3073","targetHints":{"allow":["GET"]}}],"collection":[{"href":"https:\/\/szixi.hu\/web\/index.php\/wp-json\/wp\/v2\/posts"}],"about":[{"href":"https:\/\/szixi.hu\/web\/index.php\/wp-json\/wp\/v2\/types\/post"}],"author":[{"embeddable":true,"href":"https:\/\/szixi.hu\/web\/index.php\/wp-json\/wp\/v2\/users\/1"}],"replies":[{"embeddable":true,"href":"https:\/\/szixi.hu\/web\/index.php\/wp-json\/wp\/v2\/comments?post=3073"}],"version-history":[{"count":8,"href":"https:\/\/szixi.hu\/web\/index.php\/wp-json\/wp\/v2\/posts\/3073\/revisions"}],"predecessor-version":[{"id":3108,"href":"https:\/\/szixi.hu\/web\/index.php\/wp-json\/wp\/v2\/posts\/3073\/revisions\/3108"}],"wp:featuredmedia":[{"embeddable":true,"href":"https:\/\/szixi.hu\/web\/index.php\/wp-json\/wp\/v2\/media\/3027"}],"wp:attachment":[{"href":"https:\/\/szixi.hu\/web\/index.php\/wp-json\/wp\/v2\/media?parent=3073"}],"wp:term":[{"taxonomy":"category","embeddable":true,"href":"https:\/\/szixi.hu\/web\/index.php\/wp-json\/wp\/v2\/categories?post=3073"},{"taxonomy":"post_tag","embeddable":true,"href":"https:\/\/szixi.hu\/web\/index.php\/wp-json\/wp\/v2\/tags?post=3073"}],"curies":[{"name":"wp","href":"https:\/\/api.w.org\/{rel}","templated":true}]}}