{"id":4481,"date":"2026-04-28T21:09:15","date_gmt":"2026-04-28T20:09:15","guid":{"rendered":"https:\/\/szixi.hu\/web\/?p=4481"},"modified":"2026-04-28T21:09:15","modified_gmt":"2026-04-28T20:09:15","slug":"szep-sikerek-az-erod-kupa-futoversenyen","status":"publish","type":"post","link":"https:\/\/szixi.hu\/web\/index.php\/2026\/04\/28\/szep-sikerek-az-erod-kupa-futoversenyen\/","title":{"rendered":"Sz\u00e9p sikerek az Er\u0151d Kupa fut\u00f3versenyen"},"content":{"rendered":"\n<p>Di\u00e1kjaink id\u00e9n is r\u00e9szt vettek a hagyom\u00e1nyos Er\u0151d Kupa fut\u00f3versenyen, amelyet minden \u00e9vben a Kom\u00e1romi Napok programsorozat\u00e1nak r\u00e9szek\u00e9nt rendeznek meg az Igm\u00e1ndi er\u0151dben, a Pet\u0151fi S\u00e1ndor \u00c1ltal\u00e1nos Iskola, a Kom\u00e1rom K\u00f6rzeti Di\u00e1ksport Bizotts\u00e1g \u00e9s a Kom\u00e1romi Sporthagyom\u00e1nyokat \u0150rz\u0151 Kerekasztal szervez\u00e9s\u00e9ben. A verseny 14 \u00f3rakor rajtolt, \u00e9s \u00e9vr\u0151l \u00e9vre sz\u00e1mos sportolni szeret\u0151 di\u00e1k m\u00e9ri \u00f6ssze erej\u00e9t k\u00fcl\u00f6nb\u00f6z\u0151 korcsoportokban.<\/p>\n\n\n\n<p>Tanul\u00f3ink ism\u00e9t kiv\u00e1l\u00f3an szerepeltek, m\u00e9lt\u00f3n k\u00e9pviselve iskol\u00e1nkat. Kitart\u00e1sukkal, sportszer\u0171 hozz\u00e1\u00e1ll\u00e1sukkal \u00e9s sz\u00e9p eredm\u00e9nyeikkel b\u00fcszkes\u00e9get szereztek k\u00f6z\u00f6ss\u00e9g\u00fcnknek.<\/p>\n\n\n\n<p>K\u00fcl\u00f6n \u00f6r\u00f6m sz\u00e1munkra, hogy t\u00f6bb dobog\u00f3s helyez\u00e9s is sz\u00fcletett:<\/p>\n\n\n\n<h2 class=\"wp-block-heading\">Dobog\u00f3s helyez\u00e9sek<\/h2>\n\n\n\n<h3 class=\"wp-block-heading\">V. korcsoport (l\u00e1ny)<\/h3>\n\n\n\n<p><strong>2. hely:<\/strong> Rad\u00f3 Eszter<br><strong>3. hely:<\/strong> Moln\u00e1r Hanga<\/p>\n\n\n\n<h3 class=\"wp-block-heading\">V. korcsoport (fi\u00fa)<\/h3>\n\n\n\n<p><strong>1. hely:<\/strong> Horv\u00e1th-Morvai Reg\u0151<br><strong>3. hely:<\/strong> Szab\u00f3 Raul<\/p>\n\n\n\n<h3 class=\"wp-block-heading\">VI. korcsoport (l\u00e1ny)<\/h3>\n\n\n\n<p><strong>1. hely:<\/strong> M\u00e9sz\u00e1ros Zs\u00f3fia<\/p>\n\n\n\n<p>Az Er\u0151d Kupa nemcsak egy verseny, hanem a mozg\u00e1s \u00f6r\u00f6m\u00e9nek, a kitart\u00e1snak \u00e9s az eg\u00e9szs\u00e9ges \u00e9letm\u00f3dnak is \u00fcnnepe. B\u00fcszk\u00e9k vagyunk tanul\u00f3ink teljes\u00edtm\u00e9ny\u00e9re, akik p\u00e9ld\u00e1t mutattak elsz\u00e1nts\u00e1gb\u00f3l \u00e9s sport ir\u00e1nti szeretetb\u0151l.<\/p>\n\n\n\n<p>Gratul\u00e1lunk minden r\u00e9sztvev\u0151nek \u00e9s felk\u00e9sz\u00edt\u0151iknek a sz\u00e9p eredm\u00e9nyekhez! Tov\u00e1bbi sok sikert k\u00edv\u00e1nunk a k\u00f6vetkez\u0151 megm\u00e9rettet\u00e9seken is!<\/p>\n\n\n\n<figure class=\"wp-block-image aligncenter size-full is-resized\"><img decoding=\"async\" src=\"https:\/\/szixi.hu\/web\/wp-content\/uploads\/2026\/04\/futo.webp\" alt=\"\" class=\"wp-image-4482\" style=\"width:972px;height:auto\"\/><\/figure>\n","protected":false},"excerpt":{"rendered":"<p>Di\u00e1kjaink id\u00e9n is r\u00e9szt vettek a hagyom\u00e1nyos Er\u0151d Kupa fut\u00f3versenyen, amelyet minden \u00e9vben a Kom\u00e1romi Napok programsorozat\u00e1nak r\u00e9szek\u00e9nt rendeznek meg az Igm\u00e1ndi er\u0151dben, a Pet\u0151fi S\u00e1ndor \u00c1ltal\u00e1nos Iskola, a Kom\u00e1rom K\u00f6rzeti Di\u00e1ksport Bizotts\u00e1g \u00e9s a Kom\u00e1romi Sporthagyom\u00e1nyokat \u0150rz\u0151 Kerekasztal szervez\u00e9s\u00e9ben. A verseny 14 \u00f3rakor rajtolt, \u00e9s \u00e9vr\u0151l \u00e9vre sz\u00e1mos sportolni [&hellip;]<\/p>\n","protected":false},"author":6,"featured_media":4482,"comment_status":"closed","ping_status":"closed","sticky":false,"template":"","format":"standard","meta":{"_EventAllDay":false,"_EventTimezone":"","_EventStartDate":"","_EventEndDate":"","_EventStartDateUTC":"","_EventEndDateUTC":"","_EventShowMap":false,"_EventShowMapLink":false,"_EventURL":"","_EventCost":"","_EventCostDescription":"","_EventCurrencySymbol":"","_EventCurrencyCode":"","_EventCurrencyPosition":"","_EventDateTimeSeparator":"","_EventTimeRangeSeparator":"","_EventOrganizerID":[],"_EventVenueID":[],"_OrganizerEmail":"","_OrganizerPhone":"","_OrganizerWebsite":"","_VenueAddress":"","_VenueCity":"","_VenueCountry":"","_VenueProvince":"","_VenueState":"","_VenueZip":"","_VenuePhone":"","_VenueURL":"","_VenueStateProvince":"","_VenueLat":"","_VenueLng":"","_VenueShowMap":false,"_VenueShowMapLink":false,"footnotes":""},"categories":[1,7],"tags":[180,165,179,88],"class_list":["post-4481","post","type-post","status-publish","format-standard","has-post-thumbnail","hentry","category-hirek","category-sport","tag-erod-kupa","tag-futoverseny","tag-komaromi-napok","tag-sport"],"_links":{"self":[{"href":"https:\/\/szixi.hu\/web\/index.php\/wp-json\/wp\/v2\/posts\/4481","targetHints":{"allow":["GET"]}}],"collection":[{"href":"https:\/\/szixi.hu\/web\/index.php\/wp-json\/wp\/v2\/posts"}],"about":[{"href":"https:\/\/szixi.hu\/web\/index.php\/wp-json\/wp\/v2\/types\/post"}],"author":[{"embeddable":true,"href":"https:\/\/szixi.hu\/web\/index.php\/wp-json\/wp\/v2\/users\/6"}],"replies":[{"embeddable":true,"href":"https:\/\/szixi.hu\/web\/index.php\/wp-json\/wp\/v2\/comments?post=4481"}],"version-history":[{"count":1,"href":"https:\/\/szixi.hu\/web\/index.php\/wp-json\/wp\/v2\/posts\/4481\/revisions"}],"predecessor-version":[{"id":4483,"href":"https:\/\/szixi.hu\/web\/index.php\/wp-json\/wp\/v2\/posts\/4481\/revisions\/4483"}],"wp:featuredmedia":[{"embeddable":true,"href":"https:\/\/szixi.hu\/web\/index.php\/wp-json\/wp\/v2\/media\/4482"}],"wp:attachment":[{"href":"https:\/\/szixi.hu\/web\/index.php\/wp-json\/wp\/v2\/media?parent=4481"}],"wp:term":[{"taxonomy":"category","embeddable":true,"href":"https:\/\/szixi.hu\/web\/index.php\/wp-json\/wp\/v2\/categories?post=4481"},{"taxonomy":"post_tag","embeddable":true,"href":"https:\/\/szixi.hu\/web\/index.php\/wp-json\/wp\/v2\/tags?post=4481"}],"curies":[{"name":"wp","href":"https:\/\/api.w.org\/{rel}","templated":true}]}}