{"id":4485,"date":"2026-04-29T14:02:47","date_gmt":"2026-04-29T13:02:47","guid":{"rendered":"https:\/\/szixi.hu\/web\/?p=4485"},"modified":"2026-04-29T14:03:55","modified_gmt":"2026-04-29T13:03:55","slug":"orszagos-kompetenciameres-tanuloi-hatterkerdoiv-kitoltese","status":"publish","type":"post","link":"https:\/\/szixi.hu\/web\/index.php\/2026\/04\/29\/orszagos-kompetenciameres-tanuloi-hatterkerdoiv-kitoltese\/","title":{"rendered":"Orsz\u00e1gos kompetenciam\u00e9r\u00e9s \u2013 Tanul\u00f3i h\u00e1tt\u00e9rk\u00e9rd\u0151\u00edv kit\u00f6lt\u00e9se"},"content":{"rendered":"\n<p>A 10.A \u00e9s 10.B oszt\u00e1ly tanul\u00f3i r\u00e9szt vettek az orsz\u00e1gos kompetenciam\u00e9r\u00e9sen.<\/p>\n\n\n\n<p>A m\u00e9r\u00e9shez kapcsol\u00f3d\u00f3an egy tanul\u00f3i h\u00e1tt\u00e9rk\u00e9rd\u0151\u00edv kit\u00f6lt\u00e9se is sz\u00fcks\u00e9ges, amelyet a sz\u00fcl\u0151knek a tanul\u00f3val k\u00f6z\u00f6sen aj\u00e1nlott elv\u00e9gezni. A k\u00e9rd\u0151\u00edv kit\u00f6lt\u00e9se v\u00e1rhat\u00f3an legfeljebb 30 percet vesz ig\u00e9nybe.<\/p>\n\n\n\n<p>A kit\u00f6lt\u00e9shez els\u0151sorban asztali sz\u00e1m\u00edt\u00f3g\u00e9p, laptop vagy tablet haszn\u00e1lata javasolt. A k\u00e9rd\u0151\u00edv telefonr\u00f3l is el\u00e9rhet\u0151, azonban kisebb kijelz\u0151m\u00e9ret eset\u00e9n el\u0151fordulhat, hogy a v\u00e1laszlehet\u0151s\u00e9gek megjelen\u00edt\u00e9se nem megfelel\u0151.<\/p>\n\n\n\n<p>A kit\u00f6lt\u00e9shez sz\u00fcks\u00e9ges M\u00e9r\u00e9si azonos\u00edt\u00f3 k\u00e1rty\u00e1t a tanul\u00f3k az iskol\u00e1ban kapj\u00e1k meg. Ez tartalmazza a h\u00e1tt\u00e9rk\u00e9rd\u0151\u00edv el\u00e9rhet\u0151s\u00e9g\u00e9t, valamint az ind\u00edt\u00e1shoz sz\u00fcks\u00e9ges tanul\u00f3i azonos\u00edt\u00f3t.<\/p>\n\n\n\n<p>A h\u00e1tt\u00e9rk\u00e9rd\u0151\u00edv kit\u00f6lt\u00e9s\u00e9re<br><strong>2026. m\u00e1rcius 23. \u00e9s 2026. j\u00fanius 5. k\u00f6z\u00f6tt<\/strong> van lehet\u0151s\u00e9g.<\/p>\n\n\n\n<p>A k\u00e9rd\u0151\u00edv az al\u00e1bbi linken \u00e9rhet\u0151 el: <strong><a href=\"https:\/\/kompetenciameres.oktatas.hu\/hatterkerdoiv\/inditas\">H\u00e1tt\u00e9rk\u00e9rd\u0151\u00edv ind\u00edt\u00e1sa<\/a><\/strong><\/p>\n\n\n\n<p>Fontos, hogy a M\u00e9r\u00e9si azonos\u00edt\u00f3 k\u00e1rty\u00e1t, illetve az azon tal\u00e1lhat\u00f3 M\u00e9r\u00e9si azonos\u00edt\u00f3t a sz\u00fcl\u0151k \u0151rizz\u00e9k meg, mivel ennek seg\u00edts\u00e9g\u00e9vel k\u00e9s\u0151bb megtekinthetik gyermek\u00fck eredm\u00e9nyeit, valamint nyomon k\u00f6vethetik fejl\u0151d\u00e9s\u00e9t.<\/p>\n\n\n\n<p>Tov\u00e1bbi inform\u00e1ci\u00f3k a h\u00e1tt\u00e9rk\u00e9rd\u0151\u00edvr\u0151l az al\u00e1bbi oldalon tal\u00e1lhat\u00f3k: <strong><a href=\"https:\/\/www.oktatas.hu\/kozneveles\/meresek\/digitalis_orszagos_meresek\/hatterkerdoiv\" data-type=\"link\" data-id=\"https:\/\/www.oktatas.hu\/kozneveles\/meresek\/digitalis_orszagos_meresek\/hatterkerdoiv\">T\u00e1j\u00e9koztat\u00f3 a h\u00e1tt\u00e9rk\u00e9rd\u0151\u00edvr\u0151l<\/a><\/strong><br><\/p>\n","protected":false},"excerpt":{"rendered":"<p>A 10.A \u00e9s 10.B oszt\u00e1ly tanul\u00f3i r\u00e9szt vettek az orsz\u00e1gos kompetenciam\u00e9r\u00e9sen. A m\u00e9r\u00e9shez kapcsol\u00f3d\u00f3an egy tanul\u00f3i h\u00e1tt\u00e9rk\u00e9rd\u0151\u00edv kit\u00f6lt\u00e9se is sz\u00fcks\u00e9ges, amelyet a sz\u00fcl\u0151knek a tanul\u00f3val k\u00f6z\u00f6sen aj\u00e1nlott elv\u00e9gezni. A k\u00e9rd\u0151\u00edv kit\u00f6lt\u00e9se v\u00e1rhat\u00f3an legfeljebb 30 percet vesz ig\u00e9nybe. A kit\u00f6lt\u00e9shez els\u0151sorban asztali sz\u00e1m\u00edt\u00f3g\u00e9p, laptop vagy tablet haszn\u00e1lata javasolt. A k\u00e9rd\u0151\u00edv telefonr\u00f3l [&hellip;]<\/p>\n","protected":false},"author":6,"featured_media":4486,"comment_status":"closed","ping_status":"closed","sticky":false,"template":"","format":"standard","meta":{"_EventAllDay":false,"_EventTimezone":"","_EventStartDate":"","_EventEndDate":"","_EventStartDateUTC":"","_EventEndDateUTC":"","_EventShowMap":false,"_EventShowMapLink":false,"_EventURL":"","_EventCost":"","_EventCostDescription":"","_EventCurrencySymbol":"","_EventCurrencyCode":"","_EventCurrencyPosition":"","_EventDateTimeSeparator":"","_EventTimeRangeSeparator":"","_EventOrganizerID":[],"_EventVenueID":[],"_OrganizerEmail":"","_OrganizerPhone":"","_OrganizerWebsite":"","_VenueAddress":"","_VenueCity":"","_VenueCountry":"","_VenueProvince":"","_VenueState":"","_VenueZip":"","_VenuePhone":"","_VenueURL":"","_VenueStateProvince":"","_VenueLat":"","_VenueLng":"","_VenueShowMap":false,"_VenueShowMapLink":false,"footnotes":""},"categories":[1],"tags":[],"class_list":["post-4485","post","type-post","status-publish","format-standard","has-post-thumbnail","hentry","category-hirek"],"_links":{"self":[{"href":"https:\/\/szixi.hu\/web\/index.php\/wp-json\/wp\/v2\/posts\/4485","targetHints":{"allow":["GET"]}}],"collection":[{"href":"https:\/\/szixi.hu\/web\/index.php\/wp-json\/wp\/v2\/posts"}],"about":[{"href":"https:\/\/szixi.hu\/web\/index.php\/wp-json\/wp\/v2\/types\/post"}],"author":[{"embeddable":true,"href":"https:\/\/szixi.hu\/web\/index.php\/wp-json\/wp\/v2\/users\/6"}],"replies":[{"embeddable":true,"href":"https:\/\/szixi.hu\/web\/index.php\/wp-json\/wp\/v2\/comments?post=4485"}],"version-history":[{"count":3,"href":"https:\/\/szixi.hu\/web\/index.php\/wp-json\/wp\/v2\/posts\/4485\/revisions"}],"predecessor-version":[{"id":4489,"href":"https:\/\/szixi.hu\/web\/index.php\/wp-json\/wp\/v2\/posts\/4485\/revisions\/4489"}],"wp:featuredmedia":[{"embeddable":true,"href":"https:\/\/szixi.hu\/web\/index.php\/wp-json\/wp\/v2\/media\/4486"}],"wp:attachment":[{"href":"https:\/\/szixi.hu\/web\/index.php\/wp-json\/wp\/v2\/media?parent=4485"}],"wp:term":[{"taxonomy":"category","embeddable":true,"href":"https:\/\/szixi.hu\/web\/index.php\/wp-json\/wp\/v2\/categories?post=4485"},{"taxonomy":"post_tag","embeddable":true,"href":"https:\/\/szixi.hu\/web\/index.php\/wp-json\/wp\/v2\/tags?post=4485"}],"curies":[{"name":"wp","href":"https:\/\/api.w.org\/{rel}","templated":true}]}}