{"id":4498,"date":"2026-04-30T18:32:47","date_gmt":"2026-04-30T17:32:47","guid":{"rendered":"https:\/\/szixi.hu\/web\/?p=4498"},"modified":"2026-04-30T18:38:16","modified_gmt":"2026-04-30T17:38:16","slug":"elballagtak-vegzoseink","status":"publish","type":"post","link":"https:\/\/szixi.hu\/web\/index.php\/2026\/04\/30\/elballagtak-vegzoseink\/","title":{"rendered":"Elballagtak v\u00e9gz\u0151seink"},"content":{"rendered":"\n<p>Iskol\u00e1nk egyik legszebb \u00e9s legmeghat\u00f3bb hagyom\u00e1nya a ballag\u00e1s, amikor a v\u00e9gz\u0151s di\u00e1kok b\u00facs\u00fat vesznek iskol\u00e1jukt\u00f3l, tan\u00e1raikt\u00f3l \u00e9s di\u00e1kt\u00e1rsaikt\u00f3l. Az idei \u00fcnneps\u00e9g is m\u00e9lt\u00f3 m\u00f3don, emelkedett hangulatban zajlott, tele sz\u00e9p gondolatokkal, zenei \u00e9lm\u00e9nyekkel \u00e9s meghitt pillanatokkal.<\/p>\n\n\n\n<p>A m\u0171sor sor\u00e1n az als\u00f3bb \u00e9vfolyamok k\u00e9pviselet\u00e9ben b\u00facs\u00faztak a v\u00e9gz\u0151s\u00f6kt\u0151l. A meghat\u00f3 szavakat Kelemen Bence, a 12.A oszt\u00e1ly, valamint Moln\u00e1r \u00c1d\u00e1m, a 12. B oszt\u00e1ly tanul\u00f3ja tolm\u00e1csolta, akik besz\u00e9d\u00fckben felid\u00e9zt\u00e9k a k\u00f6z\u00f6s eml\u00e9keket \u00e9s j\u00f3k\u00edv\u00e1ns\u00e1gaikat fejezt\u00e9k ki a ballag\u00f3k fel\u00e9.<\/p>\n\n\n\n<p>A v\u00e9gz\u0151s di\u00e1kok nev\u00e9ben Dabasi Bal\u00e1zs (13. A) \u00e9s Mogyor\u00f3si Kinga (13. B) b\u00facs\u00faztak. Gondolataikban visszatekintettek az iskol\u00e1ban elt\u00f6lt\u00f6tt \u00e9vekre, megk\u00f6sz\u00f6nt\u00e9k tan\u00e1raik \u00e9s t\u00e1rsaik t\u00e1mogat\u00e1s\u00e1t, valamint megosztott\u00e1k rem\u00e9nyeiket a j\u00f6v\u0151vel kapcsolatban.<\/p>\n\n\n\n<p>Az \u00fcnneps\u00e9get k\u00fcl\u00f6nlegess\u00e9 tette Han Yewon, a 13. A oszt\u00e1ly tanul\u00f3j\u00e1nak fell\u00e9p\u00e9se. Sz\u00e9chenyis \u00e9vei sor\u00e1n m\u00e1r sz\u00e1mtalanszor leny\u0171g\u00f6zte a k\u00f6z\u00f6ns\u00e9get heged\u0171- \u00e9s zongoraj\u00e1t\u00e9k\u00e1val, ez\u00fattal pedig a \u201eTouch The Sky\u201d c\u00edm\u0171 m\u0171vet adta el\u0151 heged\u0171n. El\u0151ad\u00e1sa m\u00e9ly \u00e9rzelmekkel gazdag\u00edtotta a rendezv\u00e9nyt, \u00e9s tov\u00e1bb emelte annak \u00fcnnep\u00e9lyes hangulat\u00e1t.<\/p>\n\n\n\n<p>A hagyom\u00e1nyokhoz h\u00edven sor ker\u00fclt a z\u00e1szl\u00f3 \u00e1tad\u00e1s\u00e1ra is: a v\u00e9gz\u0151s\u00f6k r\u00e9sz\u00e9r\u0151l Sipos-Szab\u00f3 D\u00e9nes (13. A) \u00e9s Kurica Istv\u00e1n (13. B) adt\u00e1k \u00e1t az iskola z\u00e1szlaj\u00e1t az als\u00f3bb \u00e9veseknek, akik k\u00f6z\u00fcl Juh\u00e1sz P\u00e9tzer (12. A) \u00e9s F\u00e1bi\u00e1n Bal\u00e1zs (12. B) vett\u00e9k azt \u00e1t, ezzel is jelk\u00e9pezve a k\u00f6z\u00f6ss\u00e9g folytonoss\u00e1g\u00e1t.<\/p>\n\n\n\n<p>Az \u00fcnneps\u00e9gen besz\u00e9det mondott Nagy M\u00e1rta igazgat\u00f3i feladatokat ell\u00e1t\u00f3 igazgat\u00f3helyettes, aki \u00fatraval\u00f3 gondolatokkal b\u00facs\u00fazott a v\u00e9gz\u0151s\u00f6kt\u0151l, hangs\u00falyozva az itt megszerzett tud\u00e1s \u00e9s \u00e9rt\u00e9kek fontoss\u00e1g\u00e1t.<\/p>\n\n\n\n<p>A ballag\u00e1s m\u00e9lt\u00f3 lez\u00e1r\u00e1sa volt egy fontos \u00e9letszakasznak. A v\u00e9gz\u0151s di\u00e1kok \u00faj utakra l\u00e9pnek, de az itt szerzett \u00e9lm\u00e9nyek \u00e9s bar\u00e1ts\u00e1gok \u00f6r\u00f6kre elk\u00eds\u00e9rik \u0151ket. Iskol\u00e1nk k\u00f6z\u00f6ss\u00e9ge b\u00fcszk\u00e9n \u00e9s szeretettel b\u00facs\u00fazik t\u0151l\u00fck, sok sikert k\u00edv\u00e1nva a j\u00f6v\u0151ben.<\/p>\n\n\n\nngg_shortcode_0_placeholder\n","protected":false},"excerpt":{"rendered":"<p>Iskol\u00e1nk egyik legszebb \u00e9s legmeghat\u00f3bb hagyom\u00e1nya a ballag\u00e1s, amikor a v\u00e9gz\u0151s di\u00e1kok b\u00facs\u00fat vesznek iskol\u00e1jukt\u00f3l, tan\u00e1raikt\u00f3l \u00e9s di\u00e1kt\u00e1rsaikt\u00f3l. Az idei \u00fcnneps\u00e9g is m\u00e9lt\u00f3 m\u00f3don, emelkedett hangulatban zajlott, tele sz\u00e9p gondolatokkal, zenei \u00e9lm\u00e9nyekkel \u00e9s meghitt pillanatokkal. A m\u0171sor sor\u00e1n az als\u00f3bb \u00e9vfolyamok k\u00e9pviselet\u00e9ben b\u00facs\u00faztak a v\u00e9gz\u0151s\u00f6kt\u0151l. A meghat\u00f3 szavakat Kelemen Bence, [&hellip;]<\/p>\n","protected":false},"author":6,"featured_media":4507,"comment_status":"closed","ping_status":"closed","sticky":false,"template":"","format":"standard","meta":{"ngg_post_thumbnail":0,"_EventAllDay":false,"_EventTimezone":"","_EventStartDate":"","_EventEndDate":"","_EventStartDateUTC":"","_EventEndDateUTC":"","_EventShowMap":false,"_EventShowMapLink":false,"_EventURL":"","_EventCost":"","_EventCostDescription":"","_EventCurrencySymbol":"","_EventCurrencyCode":"","_EventCurrencyPosition":"","_EventDateTimeSeparator":"","_EventTimeRangeSeparator":"","_EventOrganizerID":[],"_EventVenueID":[],"_OrganizerEmail":"","_OrganizerPhone":"","_OrganizerWebsite":"","_VenueAddress":"","_VenueCity":"","_VenueCountry":"","_VenueProvince":"","_VenueState":"","_VenueZip":"","_VenuePhone":"","_VenueURL":"","_VenueStateProvince":"","_VenueLat":"","_VenueLng":"","_VenueShowMap":false,"_VenueShowMapLink":false,"footnotes":""},"categories":[18,1],"tags":[],"class_list":["post-4498","post","type-post","status-publish","format-standard","has-post-thumbnail","hentry","category-ballagas","category-hirek"],"_links":{"self":[{"href":"https:\/\/szixi.hu\/web\/index.php\/wp-json\/wp\/v2\/posts\/4498","targetHints":{"allow":["GET"]}}],"collection":[{"href":"https:\/\/szixi.hu\/web\/index.php\/wp-json\/wp\/v2\/posts"}],"about":[{"href":"https:\/\/szixi.hu\/web\/index.php\/wp-json\/wp\/v2\/types\/post"}],"author":[{"embeddable":true,"href":"https:\/\/szixi.hu\/web\/index.php\/wp-json\/wp\/v2\/users\/6"}],"replies":[{"embeddable":true,"href":"https:\/\/szixi.hu\/web\/index.php\/wp-json\/wp\/v2\/comments?post=4498"}],"version-history":[{"count":3,"href":"https:\/\/szixi.hu\/web\/index.php\/wp-json\/wp\/v2\/posts\/4498\/revisions"}],"predecessor-version":[{"id":4591,"href":"https:\/\/szixi.hu\/web\/index.php\/wp-json\/wp\/v2\/posts\/4498\/revisions\/4591"}],"wp:featuredmedia":[{"embeddable":true,"href":"https:\/\/szixi.hu\/web\/index.php\/wp-json\/wp\/v2\/media\/4507"}],"wp:attachment":[{"href":"https:\/\/szixi.hu\/web\/index.php\/wp-json\/wp\/v2\/media?parent=4498"}],"wp:term":[{"taxonomy":"category","embeddable":true,"href":"https:\/\/szixi.hu\/web\/index.php\/wp-json\/wp\/v2\/categories?post=4498"},{"taxonomy":"post_tag","embeddable":true,"href":"https:\/\/szixi.hu\/web\/index.php\/wp-json\/wp\/v2\/tags?post=4498"}],"curies":[{"name":"wp","href":"https:\/\/api.w.org\/{rel}","templated":true}]}}