{"id":4897,"date":"2026-08-31T13:25:14","date_gmt":"2026-08-31T12:25:14","guid":{"rendered":"https:\/\/szixi.hu\/web\/?p=4897"},"modified":"2026-08-31T13:25:54","modified_gmt":"2026-08-31T12:25:54","slug":"ujra-veradas-iskolankban","status":"publish","type":"post","link":"https:\/\/szixi.hu\/web\/index.php\/2026\/08\/31\/ujra-veradas-iskolankban\/","title":{"rendered":"\u00dajra v\u00e9rad\u00e1s iskol\u00e1nkban"},"content":{"rendered":"\n<p class=\"wp-block-paragraph\">2026. szeptember 22-\u00e9n, kedden ism\u00e9t v\u00e9rad\u00e1snak ad otthont iskol\u00e1nk. A Magyar V\u00f6r\u00f6skereszt szervez\u00e9s\u00e9ben megval\u00f3sul\u00f3 esem\u00e9ny 11:00 \u00e9s 13:00 \u00f3ra k\u00f6z\u00f6tt v\u00e1rja mindazokat, akik v\u00e9rad\u00e1sukkal szeretn\u00e9nek hozz\u00e1j\u00e1rulni m\u00e1sok gy\u00f3gyul\u00e1s\u00e1hoz \u00e9s ak\u00e1r \u00e9letek megment\u00e9s\u00e9hez.<\/p>\n\n\n\n<p class=\"wp-block-paragraph\">A v\u00e9rad\u00e1s helysz\u00edne a TSZC Sz\u00e9chenyi Istv\u00e1n K\u00f6zgazdas\u00e1gi \u00e9s Informatikai Szakgimn\u00e1zium, 2900 Kom\u00e1rom, T\u00e1ncsics Mih\u00e1ly utca 75.<\/p>\n\n\n\n<p class=\"wp-block-paragraph\">A Magyar V\u00f6r\u00f6skereszt jelmondata ez\u00fattal is egy\u00e9rtelm\u0171 \u00fczenetet k\u00f6zvet\u00edt: \u201eFektess az \u00e9letbe, adj v\u00e9rt!\u201d Egyetlen v\u00e9rad\u00e1s t\u00f6bb beteg ell\u00e1t\u00e1s\u00e1hoz is seg\u00edts\u00e9get jelenthet, ez\u00e9rt minden v\u00e9rad\u00f3 r\u00e9szv\u00e9tele kiemelten fontos.<\/p>\n\n\n\n<p class=\"wp-block-paragraph\">V\u00e1runk mindenkit, aki jogosult v\u00e9rad\u00e1sra, \u00e9s szeretne csatlakozni ehhez a fontos kezdem\u00e9nyez\u00e9shez.<\/p>\n\n\n\n<p class=\"wp-block-paragraph\">Id\u0151pont: 2026. szeptember 22. kedd, 11:00\u201313:00<br>Helysz\u00edn: TSZC Sz\u00e9chenyi Istv\u00e1n K\u00f6zgazdas\u00e1gi \u00e9s Informatikai Szakgimn\u00e1zium<br>C\u00edm: 2900 Kom\u00e1rom, T\u00e1ncsics Mih\u00e1ly utca 75.<\/p>\n\n\n\n<figure class=\"wp-block-image aligncenter size-full is-resized\"><img loading=\"lazy\" decoding=\"async\" width=\"1054\" height=\"1492\" src=\"https:\/\/szixi.hu\/web\/wp-content\/uploads\/2026\/08\/782169229_122265979544083827_3078684015599172199_n.jpg\" alt=\"\" class=\"wp-image-4898\" style=\"aspect-ratio:0.706434654406487;width:408px;height:auto\" srcset=\"https:\/\/szixi.hu\/web\/wp-content\/uploads\/2026\/08\/782169229_122265979544083827_3078684015599172199_n.jpg 1054w, https:\/\/szixi.hu\/web\/wp-content\/uploads\/2026\/08\/782169229_122265979544083827_3078684015599172199_n-768x1087.jpg 768w\" sizes=\"auto, (max-width: 1054px) 100vw, 1054px\" \/><\/figure>\n\n\n\n<p class=\"wp-block-paragraph\">A m\u00e9diaanyag a Magyar V\u00f6r\u00f6skereszt \u00e1ltal k\u00e9sz\u00edtett t\u00e1j\u00e9koztat\u00f3 anyag.<\/p>\n","protected":false},"excerpt":{"rendered":"<p>2026. szeptember 22-\u00e9n, kedden ism\u00e9t v\u00e9rad\u00e1snak ad otthont iskol\u00e1nk. A Magyar V\u00f6r\u00f6skereszt szervez\u00e9s\u00e9ben megval\u00f3sul\u00f3 esem\u00e9ny 11:00 \u00e9s 13:00 \u00f3ra k\u00f6z\u00f6tt v\u00e1rja mindazokat, akik v\u00e9rad\u00e1sukkal szeretn\u00e9nek hozz\u00e1j\u00e1rulni m\u00e1sok gy\u00f3gyul\u00e1s\u00e1hoz \u00e9s ak\u00e1r \u00e9letek megment\u00e9s\u00e9hez. A v\u00e9rad\u00e1s helysz\u00edne a TSZC Sz\u00e9chenyi Istv\u00e1n K\u00f6zgazdas\u00e1gi \u00e9s Informatikai Szakgimn\u00e1zium, 2900 Kom\u00e1rom, T\u00e1ncsics Mih\u00e1ly utca 75. A [&hellip;]<\/p>\n","protected":false},"author":6,"featured_media":3391,"comment_status":"closed","ping_status":"closed","sticky":false,"template":"","format":"standard","meta":{"ngg_post_thumbnail":0,"_EventAllDay":false,"_EventTimezone":"","_EventStartDate":"","_EventEndDate":"","_EventStartDateUTC":"","_EventEndDateUTC":"","_EventShowMap":false,"_EventShowMapLink":false,"_EventURL":"","_EventCost":"","_EventCostDescription":"","_EventCurrencySymbol":"","_EventCurrencyCode":"","_EventCurrencyPosition":"","_EventDateTimeSeparator":"","_EventTimeRangeSeparator":"","_EventOrganizerID":[],"_EventVenueID":[],"_OrganizerEmail":"","_OrganizerPhone":"","_OrganizerWebsite":"","_VenueAddress":"","_VenueCity":"","_VenueCountry":"","_VenueProvince":"","_VenueState":"","_VenueZip":"","_VenuePhone":"","_VenueURL":"","_VenueStateProvince":"","_VenueLat":"","_VenueLng":"","_VenueShowMap":false,"_VenueShowMapLink":false,"footnotes":""},"categories":[1],"tags":[],"class_list":["post-4897","post","type-post","status-publish","format-standard","has-post-thumbnail","hentry","category-hirek"],"rttpg_featured_image_url":{"full":["https:\/\/szixi.hu\/web\/wp-content\/uploads\/2025\/09\/veradas.png",1919,1079,false],"landscape":["https:\/\/szixi.hu\/web\/wp-content\/uploads\/2025\/09\/veradas.png",1919,1079,false],"portraits":["https:\/\/szixi.hu\/web\/wp-content\/uploads\/2025\/09\/veradas.png",1919,1079,false],"thumbnail":["https:\/\/szixi.hu\/web\/wp-content\/uploads\/2025\/09\/veradas-150x150.png",150,150,true],"medium":["https:\/\/szixi.hu\/web\/wp-content\/uploads\/2025\/09\/veradas.png",1919,1079,false],"large":["https:\/\/szixi.hu\/web\/wp-content\/uploads\/2025\/09\/veradas.png",1919,1079,false],"1536x1536":["https:\/\/szixi.hu\/web\/wp-content\/uploads\/2025\/09\/veradas-1536x864.png",1536,864,true],"2048x2048":["https:\/\/szixi.hu\/web\/wp-content\/uploads\/2025\/09\/veradas.png",1919,1079,false]},"rttpg_author":{"display_name":"Szemler Tam\u00e1s","author_link":"https:\/\/szixi.hu\/web\/index.php\/author\/szemlertamas\/"},"rttpg_comment":0,"rttpg_category":"<a href=\"https:\/\/szixi.hu\/web\/index.php\/category\/hirek\/\" rel=\"category tag\">H\u00edrek<\/a>","rttpg_excerpt":"2026. szeptember 22-\u00e9n, kedden ism\u00e9t v\u00e9rad\u00e1snak ad otthont iskol\u00e1nk. A Magyar V\u00f6r\u00f6skereszt szervez\u00e9s\u00e9ben megval\u00f3sul\u00f3 esem\u00e9ny 11:00 \u00e9s 13:00 \u00f3ra k\u00f6z\u00f6tt v\u00e1rja mindazokat, akik v\u00e9rad\u00e1sukkal szeretn\u00e9nek hozz\u00e1j\u00e1rulni m\u00e1sok gy\u00f3gyul\u00e1s\u00e1hoz \u00e9s ak\u00e1r \u00e9letek megment\u00e9s\u00e9hez. A v\u00e9rad\u00e1s helysz\u00edne a TSZC Sz\u00e9chenyi Istv\u00e1n K\u00f6zgazdas\u00e1gi \u00e9s Informatikai Szakgimn\u00e1zium, 2900 Kom\u00e1rom, T\u00e1ncsics Mih\u00e1ly utca 75. A [&hellip;]","_links":{"self":[{"href":"https:\/\/szixi.hu\/web\/index.php\/wp-json\/wp\/v2\/posts\/4897","targetHints":{"allow":["GET"]}}],"collection":[{"href":"https:\/\/szixi.hu\/web\/index.php\/wp-json\/wp\/v2\/posts"}],"about":[{"href":"https:\/\/szixi.hu\/web\/index.php\/wp-json\/wp\/v2\/types\/post"}],"author":[{"embeddable":true,"href":"https:\/\/szixi.hu\/web\/index.php\/wp-json\/wp\/v2\/users\/6"}],"replies":[{"embeddable":true,"href":"https:\/\/szixi.hu\/web\/index.php\/wp-json\/wp\/v2\/comments?post=4897"}],"version-history":[{"count":3,"href":"https:\/\/szixi.hu\/web\/index.php\/wp-json\/wp\/v2\/posts\/4897\/revisions"}],"predecessor-version":[{"id":4901,"href":"https:\/\/szixi.hu\/web\/index.php\/wp-json\/wp\/v2\/posts\/4897\/revisions\/4901"}],"wp:featuredmedia":[{"embeddable":true,"href":"https:\/\/szixi.hu\/web\/index.php\/wp-json\/wp\/v2\/media\/3391"}],"wp:attachment":[{"href":"https:\/\/szixi.hu\/web\/index.php\/wp-json\/wp\/v2\/media?parent=4897"}],"wp:term":[{"taxonomy":"category","embeddable":true,"href":"https:\/\/szixi.hu\/web\/index.php\/wp-json\/wp\/v2\/categories?post=4897"},{"taxonomy":"post_tag","embeddable":true,"href":"https:\/\/szixi.hu\/web\/index.php\/wp-json\/wp\/v2\/tags?post=4897"}],"curies":[{"name":"wp","href":"https:\/\/api.w.org\/{rel}","templated":true}]}}