{"id":4902,"date":"2026-08-31T13:53:25","date_gmt":"2026-08-31T12:53:25","guid":{"rendered":"https:\/\/szixi.hu\/web\/?p=4902"},"modified":"2026-08-31T13:53:25","modified_gmt":"2026-08-31T12:53:25","slug":"golyataborral-hangolodtak-az-uj-tanevre-diakjaink","status":"publish","type":"post","link":"https:\/\/szixi.hu\/web\/index.php\/2026\/08\/31\/golyataborral-hangolodtak-az-uj-tanevre-diakjaink\/","title":{"rendered":"G\u00f3lyat\u00e1borral hangol\u00f3dtak az \u00faj tan\u00e9vre di\u00e1kjaink"},"content":{"rendered":"\n<p class=\"wp-block-paragraph\">A 2026\/2027-es tan\u00e9v kezdete el\u0151tt id\u00e9n is megrendezt\u00fck iskol\u00e1nk hagyom\u00e1nyos g\u00f3lyat\u00e1bor\u00e1t, amelynek c\u00e9lja az volt, hogy \u00faj di\u00e1kjaink m\u00e1r az els\u0151 tan\u00edt\u00e1si nap el\u0151tt megismerhess\u00e9k egym\u00e1st, leend\u0151 oszt\u00e1lyt\u00e1rsaikat \u00e9s az iskola k\u00f6z\u00f6ss\u00e9g\u00e9t.<\/p>\n\n\n\n<p class=\"wp-block-paragraph\">A program egy r\u00f6vid megnyit\u00f3val vette kezdet\u00e9t, majd a g\u00f3ly\u00e1k megismerkedtek csapatvezet\u0151ikkel, \u00e9s k\u00fcl\u00f6nb\u00f6z\u0151 ismerked\u0151s, k\u00f6z\u00f6ss\u00e9g\u00e9p\u00edt\u0151 j\u00e1t\u00e9kokon vettek r\u00e9szt. Az els\u0151 k\u00f6z\u00f6s programok j\u00f3 lehet\u0151s\u00e9get biztos\u00edtottak arra, hogy oldottabb hangulatban kezd\u0151dhessen az ismerked\u00e9s, \u00e9s m\u00e1r a tan\u00e9v el\u0151tt kialakuljanak az els\u0151 \u00faj kapcsolatok.<\/p>\n\n\n\n<p class=\"wp-block-paragraph\">Az ismerked\u00e9st \u00e9s a k\u00f6z\u00f6s eb\u00e9det k\u00f6vet\u0151en v\u00e1ltozatos d\u00e9lut\u00e1ni programok v\u00e1rt\u00e1k a r\u00e9sztvev\u0151ket. A csapatok \u00fcgyess\u00e9gi \u00e9s logikai feladatokban tehett\u00e9k pr\u00f3b\u00e1ra magukat, sportj\u00e1t\u00e9kokon vehettek r\u00e9szt, valamint zenefelismer\u0151 j\u00e1t\u00e9k is sz\u00ednes\u00edtette a napot. A kreativit\u00e1s sem maradt h\u00e1tt\u00e9rben, hiszen a g\u00f3ly\u00e1k saj\u00e1t csapatz\u00e1szl\u00f3kat k\u00e9sz\u00edtettek, emellett a sz\u00e1mh\u00e1bor\u00fa is helyet kapott a programok k\u00f6z\u00f6tt.<\/p>\n\n\n\n<p class=\"wp-block-paragraph\">A napot esti, illetve \u00e9jszakai t\u00fara z\u00e1rta, amely \u00fajabb k\u00f6z\u00f6s \u00e9lm\u00e9nyt jelentett a r\u00e9sztvev\u0151k sz\u00e1m\u00e1ra. A t\u00e1bor sor\u00e1n k\u00e9sz\u00fclt f\u00e9nyk\u00e9pekb\u0151l koll\u00e9g\u00e1ink sz\u00e1mos eml\u00e9kezetes pillanatot \u00f6r\u00f6k\u00edtettek meg.<\/p>\n\n\n\n<p class=\"wp-block-paragraph\">K\u00f6sz\u00f6nj\u00fck koll\u00e9g\u00e1inknak a g\u00f3lyat\u00e1bor megszervez\u00e9s\u00e9t \u00e9s lebonyol\u00edt\u00e1s\u00e1t, valamint a sz\u00fcl\u0151knek a bizalmat \u00e9s azt, hogy nyitottan fogadt\u00e1k ezt a k\u00f6z\u00f6ss\u00e9g\u00e9p\u00edt\u0151 programot.<\/p>\n\n\n\n<p class=\"wp-block-paragraph\">B\u00edzunk benne, hogy g\u00f3ly\u00e1ink sok sz\u00e9p \u00e9lm\u00e9nnyel gazdagodtak, \u00e9s a t\u00e1borban kialakult kapcsolatok az el\u0151tt\u00fck \u00e1ll\u00f3 tan\u00e9v sor\u00e1n tov\u00e1bb er\u0151s\u00f6dnek.<\/p>\n\n\n\n<figure class=\"wp-block-image size-full\"><img loading=\"lazy\" decoding=\"async\" width=\"2048\" height=\"1536\" src=\"https:\/\/szixi.hu\/web\/wp-content\/uploads\/2026\/08\/IMG_1760.jpeg\" alt=\"\" class=\"wp-image-4998\" srcset=\"https:\/\/szixi.hu\/web\/wp-content\/uploads\/2026\/08\/IMG_1760.jpeg 2048w, https:\/\/szixi.hu\/web\/wp-content\/uploads\/2026\/08\/IMG_1760-768x576.jpeg 768w, https:\/\/szixi.hu\/web\/wp-content\/uploads\/2026\/08\/IMG_1760-1536x1152.jpeg 1536w\" sizes=\"auto, (max-width: 2048px) 100vw, 2048px\" \/><\/figure>\n\n\n\nngg_shortcode_0_placeholder\n","protected":false},"excerpt":{"rendered":"<p>A 2026\/2027-es tan\u00e9v kezdete el\u0151tt id\u00e9n is megrendezt\u00fck iskol\u00e1nk hagyom\u00e1nyos g\u00f3lyat\u00e1bor\u00e1t, amelynek c\u00e9lja az volt, hogy \u00faj di\u00e1kjaink m\u00e1r az els\u0151 tan\u00edt\u00e1si nap el\u0151tt megismerhess\u00e9k egym\u00e1st, leend\u0151 oszt\u00e1lyt\u00e1rsaikat \u00e9s az iskola k\u00f6z\u00f6ss\u00e9g\u00e9t. A program egy r\u00f6vid megnyit\u00f3val vette kezdet\u00e9t, majd a g\u00f3ly\u00e1k megismerkedtek csapatvezet\u0151ikkel, \u00e9s k\u00fcl\u00f6nb\u00f6z\u0151 ismerked\u0151s, k\u00f6z\u00f6ss\u00e9g\u00e9p\u00edt\u0151 j\u00e1t\u00e9kokon vettek [&hellip;]<\/p>\n","protected":false},"author":6,"featured_media":4998,"comment_status":"closed","ping_status":"closed","sticky":false,"template":"","format":"standard","meta":{"ngg_post_thumbnail":0,"_EventAllDay":false,"_EventTimezone":"","_EventStartDate":"","_EventEndDate":"","_EventStartDateUTC":"","_EventEndDateUTC":"","_EventShowMap":false,"_EventShowMapLink":false,"_EventURL":"","_EventCost":"","_EventCostDescription":"","_EventCurrencySymbol":"","_EventCurrencyCode":"","_EventCurrencyPosition":"","_EventDateTimeSeparator":"","_EventTimeRangeSeparator":"","_EventOrganizerID":[],"_EventVenueID":[],"_OrganizerEmail":"","_OrganizerPhone":"","_OrganizerWebsite":"","_VenueAddress":"","_VenueCity":"","_VenueCountry":"","_VenueProvince":"","_VenueState":"","_VenueZip":"","_VenuePhone":"","_VenueURL":"","_VenueStateProvince":"","_VenueLat":"","_VenueLng":"","_VenueShowMap":false,"_VenueShowMapLink":false,"footnotes":""},"categories":[5,1,13],"tags":[204,79,205],"class_list":["post-4902","post","type-post","status-publish","format-standard","has-post-thumbnail","hentry","category-hagyomany","category-hirek","category-programok","tag-golyatabor","tag-szixi","tag-tabor"],"rttpg_featured_image_url":{"full":["https:\/\/szixi.hu\/web\/wp-content\/uploads\/2026\/08\/IMG_1760.jpeg",2048,1536,false],"landscape":["https:\/\/szixi.hu\/web\/wp-content\/uploads\/2026\/08\/IMG_1760.jpeg",2048,1536,false],"portraits":["https:\/\/szixi.hu\/web\/wp-content\/uploads\/2026\/08\/IMG_1760.jpeg",2048,1536,false],"thumbnail":["https:\/\/szixi.hu\/web\/wp-content\/uploads\/2026\/08\/IMG_1760-150x150.jpeg",150,150,true],"medium":["https:\/\/szixi.hu\/web\/wp-content\/uploads\/2026\/08\/IMG_1760.jpeg",2048,1536,false],"large":["https:\/\/szixi.hu\/web\/wp-content\/uploads\/2026\/08\/IMG_1760.jpeg",2048,1536,false],"1536x1536":["https:\/\/szixi.hu\/web\/wp-content\/uploads\/2026\/08\/IMG_1760-1536x1152.jpeg",1536,1152,true],"2048x2048":["https:\/\/szixi.hu\/web\/wp-content\/uploads\/2026\/08\/IMG_1760.jpeg",2048,1536,false]},"rttpg_author":{"display_name":"Szemler Tam\u00e1s","author_link":"https:\/\/szixi.hu\/web\/index.php\/author\/szemlertamas\/"},"rttpg_comment":0,"rttpg_category":"<a href=\"https:\/\/szixi.hu\/web\/index.php\/category\/hagyomany\/\" rel=\"category tag\">Hagyom\u00e1ny<\/a> <a href=\"https:\/\/szixi.hu\/web\/index.php\/category\/hirek\/\" rel=\"category tag\">H\u00edrek<\/a> <a href=\"https:\/\/szixi.hu\/web\/index.php\/category\/programok\/\" rel=\"category tag\">Programok<\/a>","rttpg_excerpt":"A 2026\/2027-es tan\u00e9v kezdete el\u0151tt id\u00e9n is megrendezt\u00fck iskol\u00e1nk hagyom\u00e1nyos g\u00f3lyat\u00e1bor\u00e1t, amelynek c\u00e9lja az volt, hogy \u00faj di\u00e1kjaink m\u00e1r az els\u0151 tan\u00edt\u00e1si nap el\u0151tt megismerhess\u00e9k egym\u00e1st, leend\u0151 oszt\u00e1lyt\u00e1rsaikat \u00e9s az iskola k\u00f6z\u00f6ss\u00e9g\u00e9t. A program egy r\u00f6vid megnyit\u00f3val vette kezdet\u00e9t, majd a g\u00f3ly\u00e1k megismerkedtek csapatvezet\u0151ikkel, \u00e9s k\u00fcl\u00f6nb\u00f6z\u0151 ismerked\u0151s, k\u00f6z\u00f6ss\u00e9g\u00e9p\u00edt\u0151 j\u00e1t\u00e9kokon vettek [&hellip;]","_links":{"self":[{"href":"https:\/\/szixi.hu\/web\/index.php\/wp-json\/wp\/v2\/posts\/4902","targetHints":{"allow":["GET"]}}],"collection":[{"href":"https:\/\/szixi.hu\/web\/index.php\/wp-json\/wp\/v2\/posts"}],"about":[{"href":"https:\/\/szixi.hu\/web\/index.php\/wp-json\/wp\/v2\/types\/post"}],"author":[{"embeddable":true,"href":"https:\/\/szixi.hu\/web\/index.php\/wp-json\/wp\/v2\/users\/6"}],"replies":[{"embeddable":true,"href":"https:\/\/szixi.hu\/web\/index.php\/wp-json\/wp\/v2\/comments?post=4902"}],"version-history":[{"count":1,"href":"https:\/\/szixi.hu\/web\/index.php\/wp-json\/wp\/v2\/posts\/4902\/revisions"}],"predecessor-version":[{"id":4999,"href":"https:\/\/szixi.hu\/web\/index.php\/wp-json\/wp\/v2\/posts\/4902\/revisions\/4999"}],"wp:featuredmedia":[{"embeddable":true,"href":"https:\/\/szixi.hu\/web\/index.php\/wp-json\/wp\/v2\/media\/4998"}],"wp:attachment":[{"href":"https:\/\/szixi.hu\/web\/index.php\/wp-json\/wp\/v2\/media?parent=4902"}],"wp:term":[{"taxonomy":"category","embeddable":true,"href":"https:\/\/szixi.hu\/web\/index.php\/wp-json\/wp\/v2\/categories?post=4902"},{"taxonomy":"post_tag","embeddable":true,"href":"https:\/\/szixi.hu\/web\/index.php\/wp-json\/wp\/v2\/tags?post=4902"}],"curies":[{"name":"wp","href":"https:\/\/api.w.org\/{rel}","templated":true}]}}