{"id":5017,"date":"2026-09-01T11:55:33","date_gmt":"2026-09-01T10:55:33","guid":{"rendered":"https:\/\/szixi.hu\/web\/?p=5017"},"modified":"2026-09-01T11:55:33","modified_gmt":"2026-09-01T10:55:33","slug":"megvaltozott-csengetesi-rend-a-2026-2027-es-tanevtol","status":"publish","type":"post","link":"https:\/\/szixi.hu\/web\/index.php\/2026\/09\/01\/megvaltozott-csengetesi-rend-a-2026-2027-es-tanevtol\/","title":{"rendered":"Megv\u00e1ltozott csenget\u00e9si rend a 2026\/2027-es tan\u00e9vt\u0151l"},"content":{"rendered":"\n<p class=\"wp-block-paragraph\">A 2026\/2027-es tan\u00e9vt\u0151l megv\u00e1ltozott iskol\u00e1nk norm\u00e1l \u00e9s r\u00f6vid\u00edtett csenget\u00e9si rendje. Az \u00faj id\u0151beoszt\u00e1s kialak\u00edt\u00e1s\u00e1n\u00e1l fontos szempont volt, hogy a tan\u00edt\u00e1si nap m\u00e9g jobban igazodjon tanul\u00f3ink napi rutinj\u00e1hoz, \u00e9s kisz\u00e1m\u00edthat\u00f3bb keretet biztos\u00edtson sz\u00e1mukra.<\/p>\n\n\n\n<p class=\"wp-block-paragraph\">B\u00edzunk benne, hogy a m\u00f3dos\u00edtott id\u0151rend a gyermekek \u00e9tkez\u00e9s\u00e9nek megfelel\u0151 id\u0151z\u00edt\u00e9s\u00e9t is jobban seg\u00edti, \u00e9s k\u00f6nnyebb\u00e9 teszi a tan\u00edt\u00e1si napok tervez\u00e9s\u00e9t mind a di\u00e1kok, mind a csal\u00e1dok sz\u00e1m\u00e1ra.<\/p>\n\n\n\n<p class=\"wp-block-paragraph\">K\u00e9rj\u00fck tanul\u00f3inkat \u00e9s a sz\u00fcl\u0151ket, hogy az \u00faj csenget\u00e9si rendet figyelmesen tekints\u00e9k \u00e1t, \u00e9s a tan\u00e9v sor\u00e1n ennek megfelel\u0151en tervezz\u00e9k a napi id\u0151beoszt\u00e1st.<\/p>\n\n\n\n<p class=\"wp-block-paragraph\">A mindenkor aktu\u00e1lis csenget\u00e9si rend folyamatosan el\u00e9rhet\u0151 iskol\u00e1nk honlapj\u00e1n az al\u00e1bbi oldalon:<\/p>\n\n\n\n<figure class=\"wp-block-embed is-type-wp-embed is-provider-tszc-sz-chenyi-istv-n-gazdas-gi-s-informatikai-technikum wp-block-embed-tszc-sz-chenyi-istv-n-gazdas-gi-s-informatikai-technikum\"><div class=\"wp-block-embed__wrapper\">\n<blockquote class=\"wp-embedded-content\" data-secret=\"2ewb1MX2WE\"><a href=\"https:\/\/szixi.hu\/web\/index.php\/csengetesi-rend\/\">Csenget\u00e9si rend<\/a><\/blockquote><iframe loading=\"lazy\" class=\"wp-embedded-content\" sandbox=\"allow-scripts\" security=\"restricted\" style=\"position: absolute; visibility: hidden;\" title=\"\u201cCsenget\u00e9si rend\u201d \u2014 TSZC Sz\u00e9chenyi Istv\u00e1n Gazdas\u00e1gi \u00e9s Informatikai Technikum\" src=\"https:\/\/szixi.hu\/web\/index.php\/csengetesi-rend\/embed\/#?secret=0sf7tDSqyd#?secret=2ewb1MX2WE\" data-secret=\"2ewb1MX2WE\" width=\"500\" height=\"282\" frameborder=\"0\" marginwidth=\"0\" marginheight=\"0\" scrolling=\"no\"><\/iframe>\n<\/div><\/figure>\n\n\n\n<figure class=\"wp-block-gallery has-nested-images columns-default is-cropped wp-block-gallery-1 is-layout-flex wp-block-gallery-is-layout-flex\">\n<figure class=\"wp-block-image size-large\"><img loading=\"lazy\" decoding=\"async\" width=\"1024\" height=\"1535\" data-id=\"5019\" src=\"https:\/\/szixi.hu\/web\/wp-content\/uploads\/2026\/09\/normal-csengetesi-rend.png\" alt=\"\" class=\"wp-image-5019\" srcset=\"https:\/\/szixi.hu\/web\/wp-content\/uploads\/2026\/09\/normal-csengetesi-rend.png 1024w, https:\/\/szixi.hu\/web\/wp-content\/uploads\/2026\/09\/normal-csengetesi-rend-768x1151.png 768w\" sizes=\"auto, (max-width: 1024px) 100vw, 1024px\" \/><\/figure>\n\n\n\n<figure class=\"wp-block-image size-large\"><img loading=\"lazy\" decoding=\"async\" width=\"1024\" height=\"1535\" data-id=\"5018\" src=\"https:\/\/szixi.hu\/web\/wp-content\/uploads\/2026\/09\/roviditett-csengetesi-rend.png\" alt=\"\" class=\"wp-image-5018\" srcset=\"https:\/\/szixi.hu\/web\/wp-content\/uploads\/2026\/09\/roviditett-csengetesi-rend.png 1024w, https:\/\/szixi.hu\/web\/wp-content\/uploads\/2026\/09\/roviditett-csengetesi-rend-768x1151.png 768w\" sizes=\"auto, (max-width: 1024px) 100vw, 1024px\" \/><\/figure>\n<\/figure>\n","protected":false},"excerpt":{"rendered":"<p>A 2026\/2027-es tan\u00e9vt\u0151l megv\u00e1ltozott iskol\u00e1nk norm\u00e1l \u00e9s r\u00f6vid\u00edtett csenget\u00e9si rendje. Az \u00faj id\u0151beoszt\u00e1s kialak\u00edt\u00e1s\u00e1n\u00e1l fontos szempont volt, hogy a tan\u00edt\u00e1si nap m\u00e9g jobban igazodjon tanul\u00f3ink napi rutinj\u00e1hoz, \u00e9s kisz\u00e1m\u00edthat\u00f3bb keretet biztos\u00edtson sz\u00e1mukra. B\u00edzunk benne, hogy a m\u00f3dos\u00edtott id\u0151rend a gyermekek \u00e9tkez\u00e9s\u00e9nek megfelel\u0151 id\u0151z\u00edt\u00e9s\u00e9t is jobban seg\u00edti, \u00e9s k\u00f6nnyebb\u00e9 teszi a [&hellip;]<\/p>\n","protected":false},"author":6,"featured_media":5019,"comment_status":"closed","ping_status":"closed","sticky":false,"template":"","format":"standard","meta":{"ngg_post_thumbnail":0,"_EventAllDay":false,"_EventTimezone":"","_EventStartDate":"","_EventEndDate":"","_EventStartDateUTC":"","_EventEndDateUTC":"","_EventShowMap":false,"_EventShowMapLink":false,"_EventURL":"","_EventCost":"","_EventCostDescription":"","_EventCurrencySymbol":"","_EventCurrencyCode":"","_EventCurrencyPosition":"","_EventDateTimeSeparator":"","_EventTimeRangeSeparator":"","_EventOrganizerID":[],"_EventVenueID":[],"_OrganizerEmail":"","_OrganizerPhone":"","_OrganizerWebsite":"","_VenueAddress":"","_VenueCity":"","_VenueCountry":"","_VenueProvince":"","_VenueState":"","_VenueZip":"","_VenuePhone":"","_VenueURL":"","_VenueStateProvince":"","_VenueLat":"","_VenueLng":"","_VenueShowMap":false,"_VenueShowMapLink":false,"footnotes":""},"categories":[1,11,52],"tags":[],"class_list":["post-5017","post","type-post","status-publish","format-standard","has-post-thumbnail","hentry","category-hirek","category-mukodes","category-tajekoztato"],"rttpg_featured_image_url":{"full":["https:\/\/szixi.hu\/web\/wp-content\/uploads\/2026\/09\/normal-csengetesi-rend.png",1024,1535,false],"landscape":["https:\/\/szixi.hu\/web\/wp-content\/uploads\/2026\/09\/normal-csengetesi-rend.png",1024,1535,false],"portraits":["https:\/\/szixi.hu\/web\/wp-content\/uploads\/2026\/09\/normal-csengetesi-rend.png",1024,1535,false],"thumbnail":["https:\/\/szixi.hu\/web\/wp-content\/uploads\/2026\/09\/normal-csengetesi-rend-150x150.png",150,150,true],"medium":["https:\/\/szixi.hu\/web\/wp-content\/uploads\/2026\/09\/normal-csengetesi-rend.png",1024,1535,false],"large":["https:\/\/szixi.hu\/web\/wp-content\/uploads\/2026\/09\/normal-csengetesi-rend.png",1024,1535,false],"1536x1536":["https:\/\/szixi.hu\/web\/wp-content\/uploads\/2026\/09\/normal-csengetesi-rend.png",1024,1535,false],"2048x2048":["https:\/\/szixi.hu\/web\/wp-content\/uploads\/2026\/09\/normal-csengetesi-rend.png",1024,1535,false]},"rttpg_author":{"display_name":"Szemler Tam\u00e1s","author_link":"https:\/\/szixi.hu\/web\/index.php\/author\/szemlertamas\/"},"rttpg_comment":0,"rttpg_category":"<a href=\"https:\/\/szixi.hu\/web\/index.php\/category\/hirek\/\" rel=\"category tag\">H\u00edrek<\/a> <a href=\"https:\/\/szixi.hu\/web\/index.php\/category\/mukodes\/\" rel=\"category tag\">M\u0171k\u00f6d\u00e9s<\/a> <a href=\"https:\/\/szixi.hu\/web\/index.php\/category\/hirek\/tajekoztato\/\" rel=\"category tag\">T\u00e1j\u00e9koztat\u00f3<\/a>","rttpg_excerpt":"A 2026\/2027-es tan\u00e9vt\u0151l megv\u00e1ltozott iskol\u00e1nk norm\u00e1l \u00e9s r\u00f6vid\u00edtett csenget\u00e9si rendje. Az \u00faj id\u0151beoszt\u00e1s kialak\u00edt\u00e1s\u00e1n\u00e1l fontos szempont volt, hogy a tan\u00edt\u00e1si nap m\u00e9g jobban igazodjon tanul\u00f3ink napi rutinj\u00e1hoz, \u00e9s kisz\u00e1m\u00edthat\u00f3bb keretet biztos\u00edtson sz\u00e1mukra. B\u00edzunk benne, hogy a m\u00f3dos\u00edtott id\u0151rend a gyermekek \u00e9tkez\u00e9s\u00e9nek megfelel\u0151 id\u0151z\u00edt\u00e9s\u00e9t is jobban seg\u00edti, \u00e9s k\u00f6nnyebb\u00e9 teszi a [&hellip;]","_links":{"self":[{"href":"https:\/\/szixi.hu\/web\/index.php\/wp-json\/wp\/v2\/posts\/5017","targetHints":{"allow":["GET"]}}],"collection":[{"href":"https:\/\/szixi.hu\/web\/index.php\/wp-json\/wp\/v2\/posts"}],"about":[{"href":"https:\/\/szixi.hu\/web\/index.php\/wp-json\/wp\/v2\/types\/post"}],"author":[{"embeddable":true,"href":"https:\/\/szixi.hu\/web\/index.php\/wp-json\/wp\/v2\/users\/6"}],"replies":[{"embeddable":true,"href":"https:\/\/szixi.hu\/web\/index.php\/wp-json\/wp\/v2\/comments?post=5017"}],"version-history":[{"count":1,"href":"https:\/\/szixi.hu\/web\/index.php\/wp-json\/wp\/v2\/posts\/5017\/revisions"}],"predecessor-version":[{"id":5020,"href":"https:\/\/szixi.hu\/web\/index.php\/wp-json\/wp\/v2\/posts\/5017\/revisions\/5020"}],"wp:featuredmedia":[{"embeddable":true,"href":"https:\/\/szixi.hu\/web\/index.php\/wp-json\/wp\/v2\/media\/5019"}],"wp:attachment":[{"href":"https:\/\/szixi.hu\/web\/index.php\/wp-json\/wp\/v2\/media?parent=5017"}],"wp:term":[{"taxonomy":"category","embeddable":true,"href":"https:\/\/szixi.hu\/web\/index.php\/wp-json\/wp\/v2\/categories?post=5017"},{"taxonomy":"post_tag","embeddable":true,"href":"https:\/\/szixi.hu\/web\/index.php\/wp-json\/wp\/v2\/tags?post=5017"}],"curies":[{"name":"wp","href":"https:\/\/api.w.org\/{rel}","templated":true}]}}