{"id":794,"date":"2017-11-13T12:39:11","date_gmt":"2017-11-13T11:39:11","guid":{"rendered":"http:\/\/szixi.hu\/web\/?p=794"},"modified":"2017-11-16T06:42:54","modified_gmt":"2017-11-16T05:42:54","slug":"szechenyi-ballal-tamogattuk-az-iskolai-alapitvanyt","status":"publish","type":"post","link":"https:\/\/szixi.hu\/web\/index.php\/2017\/11\/13\/szechenyi-ballal-tamogattuk-az-iskolai-alapitvanyt\/","title":{"rendered":"Sz\u00e9chenyi-b\u00e1llal t\u00e1mogattuk az iskolai alap\u00edtv\u00e1nyt"},"content":{"rendered":"<p>A 2017\/2018-as tan\u00e9v Sz\u00e9chenyi-b\u00e1lja 2017. november 11-\u00e9n este hat \u00f3rakor kezd\u0151d\u00f6tt a m\u00e1r megszokott helysz\u00ednen, a WF Szabadid\u0151park \u00e9tterm\u00e9ben.<\/p>\n<p>H\u00e1l\u00e1sak vagyunk, hogy az iskol\u00e1hoz k\u00f6t\u0151d\u0151k ebben a tan\u00e9vben is sz\u00e9p sz\u00e1mmal fejezt\u00e9k ki t\u00e1mogat\u00e1sukat ak\u00e1r megtisztel\u0151 jelenl\u00e9t\u00fckkel, ak\u00e1r a b\u00e1l szervez\u00e9s\u00e9ben ny\u00fajtott seg\u00edts\u00e9g\u00fckkel, tombolat\u00e1rgyak felaj\u00e1nl\u00e1s\u00e1val vagy \u00e9ppen t\u00e1mogat\u00f3 jegyek v\u00e1s\u00e1rl\u00e1s\u00e1val. Kiemelt k\u00f6sz\u00f6net illeti mindannyiukat!<\/p>\n<p>Nagy \u00f6r\u00f6m, hogy mint eddig mindig, most is Z\u00f6rg\u0151 Alexandra v\u00e1llalta az est h\u00e1zigazd\u00e1j\u00e1nak szerep\u00e9t, aki csillog\u00f3 szem\u00e9lyis\u00e9g\u00e9vel minden alkalommal jelent\u0151sen emeli az est f\u00e9ny\u00e9t \u2013 az id\u00e9n sem volt ez m\u00e1sk\u00e9nt! Emellett a b\u00e1l megszervez\u00e9s\u00e9ben ny\u00fajtott seg\u00edts\u00e9g\u00e9\u00e9rt is k\u00f6sz\u00f6net illeti \u0151t!<\/p>\n<p style=\"text-align: center;\"><a href=\"https:\/\/photos.app.goo.gl\/IhDvAaHwiqKcrwyG2\"><img loading=\"lazy\" decoding=\"async\" class=\"aligncenter \" src=\"https:\/\/lh3.googleusercontent.com\/i-d4kNLMAhRMYPSpjOpWCR4I55LH5ubOWVEsU49g_iTlrkCpd2zhxqqvHqaaqdL6MJOU1dSejdjea76PA5PfAmNODAYZVlwHaNOp7tBhcObKeQnQK4BjRDmVr5k2wLrolFc_5xVj7qujsQUL0Mi1BBSoZ9pd1QXGBf5ZQ7z7pakNvmojr-pd1xD2yJ1d_9ma-ExGiyK140Fj4w1jgVQvIpo9T8hN5TcalYfn06PCS43F-oX3WoBRWdti_Ht1jAscZ_D8xbX-c7Yi8NpBzlES5B822JpDG22R_BdUMudkVWI2uS1vrkt6yaAcGvDscWGl_UKxvU_lxt3zeTk-RZ6ZxuVAODZf89E-09LSPYMIz3GY4-xg6wbzXPG9gkmAAUf1y86YqI6qtzJ5f2OsQvC5Tz0L2y97W3cZtnZKXcoHLls4S7eL9ppKL_Kllu2VMcFxQRyzFU30K6lcZm5ITBLxRuK2kdvzZD7I92VkOtzjJ-IylqBrY60nTNLqOioBIqaoYPP1tshKwZiCDGJ8aO3lnFiz0g1jGetfHHyEVO0fUn_RIODYxcnO2FPBtYYarqAfTeep4ubvwPZm7mTxbqEr3i22ZogmNDddpjHDhpD6w2YyZWcnscOlov8mkf_emEWX2yHKItknFfoAaK-Dky0E8tdxqag4wfSKk3k=w874-h1309-no?pageId=107333571436592238921\" alt=\"Z\u00f6rg\u0151 Alexandra, a b\u00e1l h\u00e1ziasszonya\" width=\"434\" height=\"650\" \/><\/a><\/p>\n<p>A b\u00e1l \u00fcnnepi m\u0171sora Vajda Bence tan\u00e1r \u00far, a \u201eKim\u0171velt Emberf\u0151k\u201d Alap\u00edtv\u00e1ny kurat\u00f3riumi tagja k\u00f6sz\u00f6nt\u0151j\u00e9vel vette kezdet\u00e9t, aki besz\u00e9d\u00e9ben \u00f6sszegezte, hogyan gazd\u00e1lkodott az alap\u00edtv\u00e1ny az el\u0151z\u0151 b\u00e1l bev\u00e9tel\u00e9vel, \u00e9s a szervezet anyagi t\u00e1mogat\u00e1s\u00e1val megval\u00f3sul\u00f3 terveket is felv\u00e1zolta. K\u00f6sz\u00f6net\u00e9t fejezte ki mindazok sz\u00e1m\u00e1ra, akik a j\u00f3 gazdak\u00e9nt \u00e9rt\u00e9kes c\u00e9lokat t\u00e1mogat\u00f3 alap\u00edtv\u00e1ny er\u0151fesz\u00edt\u00e9seivel azonosulva hajland\u00f3ak id\u0151r\u0151l id\u0151re anyagi t\u00e1mogat\u00e1st is felaj\u00e1nlani.<\/p>\n<p style=\"text-align: center;\"><a href=\"https:\/\/photos.app.goo.gl\/IhDvAaHwiqKcrwyG2\"><img loading=\"lazy\" decoding=\"async\" class=\"aligncenter \" src=\"https:\/\/lh3.googleusercontent.com\/IH_kRzry0I-zKSGffEVQJ0H_hmqls7JWA-w6FoS6_NRt_nHFrt6-xdhzZKBE44jXZfXn4NimUoCj0D45D6suYosyk_qsRiL1j1ItXEwhDi5VxX9g7BQ477MAmkUx1XPXSJY3rpBxg1-jbXhAHJrrRhD4liED4aYjNDxT-6fNf2woDVCZJnzM0MJBnttXSQe8I3JTZg_OjURpJuV7osCK2uJjByVWhx8ufItb7t8waRSbrF4WOTvlAxPtFwPJLNZOy3Qo4Tv-x06q9Vp5qX1YgM44b1vrQ9LQciwB1thkA3ZsFxuCJ1YEx-8i-OX_1MyhlraxkXUUrTd64VciFcfbrnu1Z35xS06j17XNZvKs7LjfpL9uMLr-VZGdlumSWLlFZenD-Hu3uJhDmWXJHMddvL1aq5a2iOAkIHZvXkjPkdU8TXrddf7GSmgaL5lMK8-pQZ8OdlXqI0bZNzQEcaDowvAiTX3LPZSua8nbljzp7ax3ttIYkf_b66XreuIAIAPoUYtRcBO0g4oYhJNSBOk3uxBq2iIswGb9qLq6SGW6IE5C92NpId90WB-bOrAQ9JEJuj7okdgtDvuucKcui8dOluai6X6rhpk3RzwSLuhP5F-YH3Avl9Syjvc-8iTYdQtROgn84IMetSe074HtjiOnbEgtQ_KENO7TSXw=w1600-h1068-no?pageId=107333571436592238921\" alt=\"Berendi Bence \u00e9s Kecskem\u00e9ti Dominik muzsik\u00e1l\" width=\"824\" height=\"550\" \/><\/a><\/p>\n<p>A m\u0171sor Berendi Bence \u00e9s Kecskem\u00e9ti Dominik, 11. B oszt\u00e1lyos tanul\u00f3k szintetiz\u00e1tor-harmonika \u00a0j\u00e1t\u00e9k\u00e1val folytat\u00f3dott, Marozs\u00e1n Viktor a 12. B oszt\u00e1lyb\u00f3l egy b\u0171v\u00e9sztr\u00fckk\u00f6t mutatott be, majd a Borosty\u00e1n egy\u00fcttes \u00f6r\u00f6k\u00e9rv\u00e9ny\u0171 zenei csokr\u00e1t K\u00e1ntor Krisztina, Nagy Zsuzsanna, Nagy L\u00e1szl\u00f3, H\u00e1ntai Ferenc, Homoki L\u00e1szl\u00f3 \u00e9s Horv\u00e1th \u00c1kos ny\u00fajtotta \u00e1t a k\u00f6z\u00f6ns\u00e9gnek.<\/p>\n<p style=\"text-align: center;\"><a href=\"https:\/\/photos.app.goo.gl\/IhDvAaHwiqKcrwyG2\"><img loading=\"lazy\" decoding=\"async\" class=\"aligncenter\" src=\"https:\/\/lh3.googleusercontent.com\/UGYPcvnIwAx184JqvvN_VzEjtfOm-HR8UPi40BPBQzf89x7w74PW8c8yecSPzJqMn-jUUmUtGfkqRdjNatPhxWXNY9falCHt7GrbPeo_aVLKHPKq72zKoQbGwTyGEtS3uM-h423JqZMsOhfxJ4gzsGLbXjx5sSHk8eICUHLfgm3J521WC9bcGBnJAF-2gc8_r6Nry1VtPbMI8-yQE1xLhGrG-zXOneNdbEDRx_k4pJHj4E0UB5JxU0_Gjqc4M160mOyDxP2Y2c7qCbZK-PN4a19bUVZacie5mZJ5njF63klbTCkgyK7gPUi3SpJaj04SFVoPoI3aUg2qLAWHxZ2Yb1NX8lt8olWi7opB6Sf6-AofM_kx-lfFTSLsahe-JB18Ng6jL4NXwdN57muQz0FQL-aT1mH0Ab_NiBdeh6zfqUmi9ZVoQI7vsZXnl9f7WdOBu0qhgzJLqGObI_FCQvF7jFMpcGHyZmDqWu71VnaMTrfFKNSlqAriEOBtWa94sodVW0eTcJXTo1adql70Z2wgp_PeRMVgFgn3cDgH5979gIj23RPvHPVTrfXrnia4Qtcol9RFtkg5fk8oRfHnnDHjw-uCMJ8186PQ_CUOyprUUNYT0moZZXrXK4r4XIKlBH-YATw3R5eHX79rgIBb0pWRbUqut5N9Y4_JHjg=w1600-h1068-no?pageId=107333571436592238921\" alt=\"Borosty\u00e1n egy\u00fcttes\" width=\"824\" height=\"550\" \/><\/a><\/p>\n<p>Holczmann Anna koreogr\u00e1fi\u00e1j\u00e1ra a b\u00e1l nyit\u00f3t\u00e1nc\u00e1t a 12. A oszt\u00e1ly tanul\u00f3i j\u00e1rt\u00e1k, n\u00e9v szerint Moh\u00e1csi Vivien, Moln\u00e1r Klaudia, M\u00e9sz\u00e1ros Rita, Tamasics Anna, Dombi Csaba, F\u00e1bi\u00e1n L\u00e1szl\u00f3, Horv\u00e1th Erik \u00e9s Nyitrai Attila.<\/p>\n<p style=\"text-align: center;\"><a href=\"https:\/\/photos.app.goo.gl\/IhDvAaHwiqKcrwyG2\"><img loading=\"lazy\" decoding=\"async\" class=\"aligncenter\" src=\"https:\/\/lh3.googleusercontent.com\/3Vmc-wjqY99_H3UnmYr_eCHULKruAzn4VWAUzdaC7hhnfyUPP7bmvSyeZZN1woXjLh8PExeKASIA9_pu0Ahdn7GlcXq2ZgZ2CGJ3I_7Nvb8vXMaXlZJvBPH0-Bx5vbNxRGevsyzi-IBpWvDcAbOezIOZ0drGcr7q2fCrJlW2IaS9LvXGGte08G6rzICbIcwgLU8mWYl5xAKYamuYS2vBHjEhxxM0S1KPh53iQu5fK1qPZmm6ljUOhLaImrxN5en73GThdzQDycKsZs8Iu-pgS_rREC4aLEahIVpZ_zIJaLqKZimhxXA9ZBCnXqCGaSw2ZbUZQ8UB7MYZMdSlKfjOsnnF-Hkw7fvxG7SX7Dh1DX-SWOOS5NHT0xXjn699L7AS_NhpwCD6ZDnBANdnmisYWnXSs294fcSMpdsZT3yhEzCMoGege-QB-M7imwdxzd8ejj_C4RxT1HRDhXI-r_j8CXWL7N-QLfowhR9NK8rvR2u15phOIlY3Fb3zYIELDjlkyn3csdNstwdQr1X5gaaftg66ag_Gws4DyV8edVMNzNC8eDPlal8v7h9a9uUB4ihEb4jM1eLte3RQGg5RL10O9urID0LVMzLyt7aDl72hZIu6ZXjzsciLsGTE9KjTesSx9SNy0dIw8LXTEP0ElobqaJJqC9w2CDDMx7U=w1600-h1068-no?pageId=107333571436592238921\" alt=\"Nyit\u00f3t\u00e1nc\" width=\"824\" height=\"550\" \/><\/a><\/p>\n<p>Az est a megszokott m\u00f3don az \u00e9tterem kiv\u00e1l\u00f3 \u00e9teleib\u0151l \u00f6ssze\u00e1ll\u00edtott vacsor\u00e1val, majd v\u00edg mulats\u00e1ggal folytat\u00f3dott. Szakk\u00e9pz\u0151s di\u00e1kjaink, Kov\u00e1cs Dorina, De\u00e1k Kriszti\u00e1n, Mogyor\u00f3si Tam\u00e1s \u00e9s Siposs Barnab\u00e1s tombolajegyeket \u00e1rultak, hogy a k\u00f6zel 650 ezer forint \u00f6ssz\u00e9rt\u00e9k\u0171 tombolat\u00e1rgyak szerencs\u00e9s gazd\u00e1ikra tal\u00e1lhassanak.<\/p>\n<p style=\"text-align: center;\"><a href=\"https:\/\/photos.app.goo.gl\/IhDvAaHwiqKcrwyG2\"><img loading=\"lazy\" decoding=\"async\" class=\"aligncenter\" src=\"https:\/\/lh3.googleusercontent.com\/41aZd_jcU4nwvsTMVntPcf3nZMrkTN02QCCOAiOf5ZqdywMyN7YMzU7HyWF5gHhgZM8TidpImz2wkHHx6tQh3uIKnwFY1SUc7_XGpZWB-4sbkPiTHLgxntmU2AhPUlXkWHdGN4FdnZN8qfyqjy_RxIzkMgaBu3xW56AyGeGiDsy6kk1vEfeyM6sSmTqRgIrrweSmshRrL8qSNQ-W2QCXaVQ6N2zkmimH7u6y56XwtSvrQpjG7tObNvrNIlg6sI0qTxR0shLKg8f_FTqr-nYBoDn3yy5jTgWKgXlEMOb4BccgK56KcDXbWv5KXxrEi7Edxp3YfnIKyiQGsNYmMXTdYxqA9Qw6tCPkiBjuHAOf8mYpYZpHb01vBYf5pQP2FO4ZcLSshf1eCUqg7oo6HlIrU7YvS17i_XC4Ni0R6NspZydbio5fjOr2WL0NJBmZLxdUERqs63JVY7Vo3mo6__pc5J5ovbb-7f0_-3PC7_oRRNhyJuhelD1WuFMQAGBWN_xn0BTDT_wwNnyxWclc6VJuzlIFcrDw10smSYLerjCyZmJ2WBrHInnIPA8yMAMU2bBNkiSF3h15-p9y4go-S_bydWMLOFfJQjEIp-FA7Y1JcA=w1600-h1068-no?pageId=107333571436592238921\" alt=\"Tombolat\u00e1rgyak\" width=\"824\" height=\"550\" \/><\/a><\/p>\n<p style=\"text-align: center;\"><img loading=\"lazy\" decoding=\"async\" class=\"aligncenter size-full wp-image-800\" src=\"https:\/\/szixi.hu\/web\/wp-content\/uploads\/2017\/11\/KEA-1.png\" alt=\"\" width=\"678\" height=\"150\" srcset=\"https:\/\/szixi.hu\/web\/wp-content\/uploads\/2017\/11\/KEA-1.png 678w, https:\/\/szixi.hu\/web\/wp-content\/uploads\/2017\/11\/KEA-1-300x66.png 300w\" sizes=\"auto, (max-width: 678px) 100vw, 678px\" \/><\/p>\n<p style=\"text-align: center;\">Tombolat\u00e1rgyak felaj\u00e1nl\u00e1s\u00e1val t\u00e1mogatt\u00e1k a rendezv\u00e9nyt:<\/p>\n<p style=\"text-align: center;\"><strong>Aranyk\u00edgy\u00f3 Patika<\/strong><\/p>\n<p style=\"text-align: center;\"><strong>Aranyosi K\u00e1rolyn\u00e9<\/strong><\/p>\n<p style=\"text-align: center;\"><strong>\u00c1rki Pap\u00edrbolt<\/strong><\/p>\n<p style=\"text-align: center;\"><strong>Farkas Erzs\u00e9bet fodr\u00e1sz<\/strong><\/p>\n<p style=\"text-align: center;\"><strong>Babilon Cip\u0151bolt<\/strong><\/p>\n<p style=\"text-align: center;\"><strong>B\u00e1n csal\u00e1d (B\u00e1n Benedek, 10. A)<\/strong><\/p>\n<p style=\"text-align: center;\"><strong>Benedek \u00c1d\u00e1m<\/strong><\/p>\n<p style=\"text-align: center;\"><strong>Berendi csal\u00e1d (Berendi Bence, 11. B)<\/strong><\/p>\n<p style=\"text-align: center;\"><strong>Bezzeg csal\u00e1d (Bezzeg Zs\u00f3fia, 11. A)<\/strong><\/p>\n<p style=\"text-align: center;\"><strong>BIGVILL Kft<\/strong><\/p>\n<p style=\"text-align: center;\"><strong>Bilk\u00f3n\u00e9 Kocsis Jol\u00e1n tan\u00e1rn\u0151<\/strong><\/p>\n<p style=\"text-align: center;\"><strong>Bocska t\u00f3<\/strong><\/p>\n<p style=\"text-align: center;\"><strong>Boda Roz\u00e1lia, a \u201eKim\u0171velt Emberf\u0151k\u201d Alap\u00edtv\u00e1ny kurat\u00f3rium\u00e1nak eln\u00f6ke<\/strong><\/p>\n<p style=\"text-align: center;\"><strong>Bog\u00e1ncs \u00c9tterem<\/strong><\/p>\n<p style=\"text-align: center;\"><strong>Borosty\u00e1n Egy\u00fcttes (Nagy Zsuzsanna)<\/strong><\/p>\n<p style=\"text-align: center;\"><strong>Brando Shop<\/strong><\/p>\n<p style=\"text-align: center;\"><strong>Brigetio Gy\u00f3gyf\u00fcrd\u0151<\/strong><\/p>\n<p style=\"text-align: center;\"><strong>Csere \u00e9s T\u00e1rsa Kft<\/strong><\/p>\n<p style=\"text-align: center;\"><strong>DP Copy<\/strong><\/p>\n<p style=\"text-align: center;\"><strong>Dr. Moln\u00e1r Attila polg\u00e1rmester \u00far<\/strong><\/p>\n<p style=\"text-align: center;\"><strong>\u00c9va Kuck\u00f3ja AVON<\/strong><\/p>\n<p style=\"text-align: center;\"><strong>Fortuna D Divath\u00e1z<\/strong><\/p>\n<p style=\"text-align: center;\"><strong>Hexen Kft<\/strong><\/p>\n<p style=\"text-align: center;\"><strong>H\u00f3kn\u00e9 Szel\u0151czei Anna, igazgat\u00f3<\/strong><\/p>\n<p style=\"text-align: center;\"><strong>H-Nick Kft, m\u00e9h\u00e9szet (Nick Ferenc tan\u00e1r \u00far)<\/strong><\/p>\n<p style=\"text-align: center;\"><strong>Jenny N\u0151i \u00e9s Gyermekdivat<\/strong><\/p>\n<p style=\"text-align: center;\"><strong>Judit Optika<\/strong><\/p>\n<p style=\"text-align: center;\"><strong>Kecskem\u00e9ti csal\u00e1d (Kecskem\u00e9ti Dominik, 11. B)<\/strong><\/p>\n<p style=\"text-align: center;\"><strong>Kelemen \u00c9va<\/strong><\/p>\n<p style=\"text-align: center;\"><strong>Kinesio Tape Centrum<\/strong><\/p>\n<p style=\"text-align: center;\"><strong>Kocsis Vend\u00e9gl\u0151<\/strong><\/p>\n<p style=\"text-align: center;\"><strong>Kolcs\u00e1r P\u00e9ks\u00e9g<\/strong><\/p>\n<p style=\"text-align: center;\"><strong>La Belle K\u00f6r\u00f6mszalon<\/strong><\/p>\n<p style=\"text-align: center;\"><strong>Lempel-L\u00f3czi Panna (12. A) nagymam\u00e1ja<\/strong><\/p>\n<p style=\"text-align: center;\"><strong>Lore\u00e1l Sz\u00e9ps\u00e9gszalon (Magyar Anik\u00f3)<\/strong><\/p>\n<p style=\"text-align: center;\"><strong>Mentha Patika<\/strong><\/p>\n<p style=\"text-align: center;\"><strong>Milliano Boutique<\/strong><\/p>\n<p style=\"text-align: center;\"><strong>Mini-Maxi Cip\u0151bolt<\/strong><\/p>\n<p style=\"text-align: center;\"><strong>Moln\u00e1r Cukr\u00e1szda<\/strong><\/p>\n<p style=\"text-align: center;\"><strong>Mont\u00e1zs Bt. Gazdabolt<\/strong><\/p>\n<p style=\"text-align: center;\"><strong>mysticday N\u0151i Divat<\/strong><\/p>\n<p style=\"text-align: center;\"><strong>New York Burger<\/strong><\/p>\n<p style=\"text-align: center;\"><strong>Paradise (Kam\u00e1r k\u00f6z)<\/strong><\/p>\n<p style=\"text-align: center;\"><strong>Petr\u00e1k Vir\u00e1gbolt<\/strong><\/p>\n<p style=\"text-align: center;\"><strong>Praktika Kell\u00e9kt\u00e1r<\/strong><\/p>\n<p style=\"text-align: center;\"><strong>Romh\u00e1nyin\u00e9 Szab\u00f3 Gy\u00f6ngyi tan\u00e1rn\u0151<\/strong><\/p>\n<p style=\"text-align: center;\"><strong>Steinbach G\u00e1bor (V\u00e1s\u00e1r t\u00e9ri vir\u00e1g\u00fczlet)<\/strong><\/p>\n<p style=\"text-align: center;\"><strong>Sz\u00e1zszorsz\u00e9p \u00c9kszer<\/strong><\/p>\n<p style=\"text-align: center;\"><strong>Sz\u0171cs Matild Lilla (10. B) sz\u00fclei<\/strong><\/p>\n<p style=\"text-align: center;\"><strong>Tom Tailor<\/strong><\/p>\n<p style=\"text-align: center;\"><strong>Torday vir\u00e1g\u00fczlet<\/strong><\/p>\n<p style=\"text-align: center;\"><strong>T\u00f6r\u00f6k Fanni \u00e9s csal\u00e1dja (11. A)<\/strong><\/p>\n<p style=\"text-align: center;\"><strong>TRX Training Center<\/strong><\/p>\n<p style=\"text-align: center;\"><strong>Vajda Bence tan\u00e1r \u00far, a \u201eKim\u0171velt Emberf\u0151k\u201d Alap\u00edtv\u00e1ny kurat\u00f3rium\u00e1nak tagja<\/strong><\/p>\n<p style=\"text-align: center;\"><strong>V\u00e1mh\u00e1z Fogad\u00f3 (Nagy Benj\u00e1min, 9. A)<\/strong><\/p>\n<p style=\"text-align: center;\"><strong>Vars\u00e1nyi \u00c9va \u00e9s Bihari Bal\u00e1zs<\/strong><\/p>\n<p style=\"text-align: center;\"><strong>V\u00e1s\u00e1r t\u00e9ri z\u00f6lds\u00e9ges<\/strong><\/p>\n<p style=\"text-align: center;\"><strong>Vikor Cukr\u00e1szda (Tata, Vikor Krist\u00f3f, 10. A)<\/strong><\/p>\n<p style=\"text-align: center;\">Emellett sok felaj\u00e1nl\u00e1s \u00e9rkezett a Sz\u00fcl\u0151k \u00e9s Tan\u00e1raink r\u00e9sz\u00e9r\u0151l, k\u00e9rve az anonimit\u00e1suk megtart\u00e1s\u00e1t.<br \/>\nTan\u00e1rainkon k\u00edv\u00fcl Z\u00f6rg\u0151 Alexandra \u00e9s Vajda Bence is rengeteget f\u00e1radozott a tombolat\u00e1rgyak \u00f6sszegy\u0171jt\u00e9s\u00e9n.<\/p>\n<p style=\"text-align: center;\">T\u00e1mogat\u00f3jegye(ke)t v\u00e1s\u00e1roltak:<\/p>\n<p style=\"text-align: center;\"><strong>Bilk\u00f3n\u00e9 Kocsis Jol\u00e1n tan\u00e1rn\u0151<\/strong><\/p>\n<p style=\"text-align: center;\"><strong>Boda Roz\u00e1lia, a\u00a0\u00a0\u201eKim\u0171velt Emberf\u0151k\u201d Alap\u00edtv\u00e1ny kurat\u00f3rium\u00e1nak eln\u00f6ke<\/strong><\/p>\n<p style=\"text-align: center;\"><strong>Gernern\u00e9 P\u00e1vel Erika tan\u00e1rn\u0151<\/strong><\/p>\n<p style=\"text-align: center;\"><strong>Moln\u00e1rn\u00e9 dr. Ta\u00e1r Izabella, j\u00e1r\u00e1sihivatal-vezet\u0151 asszony<\/strong><\/p>\n<p style=\"text-align: center;\"><strong>Pirityi Katalin tan\u00e1rn\u0151<\/strong><\/p>\n<p style=\"text-align: center;\"><strong>Radics Attila tan\u00e1r \u00far<\/strong><\/p>\n<p style=\"text-align: center;\"><strong>Radicsn\u00e9 B\u00e9k\u00e9si Ildik\u00f3 tan\u00e1rn\u0151<\/strong><\/p>\n<p style=\"text-align: center;\"><strong>V\u00e1lint Zolt\u00e1n tan\u00e1r \u00far<\/strong><\/p>\n<p style=\"text-align: center;\">a 9. NY oszt\u00e1lyunkb\u00f3l: <strong>Bak Ren\u00e9, Czir\u00e1ki Bal\u00e1zs, Csord\u00e1s P\u00e9ter, Dun\u00e1r Alexa, Giczi Luca, Horv\u00e1th Ant\u00f3nia, Kelemen Szonja, Keszeg Roland, Moln\u00e1r Gerg\u0151, Simon Anna, Szab\u00f3 Bogl\u00e1rka, T\u00e9gla Bettina, T\u00f3th Andr\u00e1s, Zseb\u0151k Emese<\/strong><\/p>\n<p style=\"text-align: center;\">a 9. A oszt\u00e1lyunkb\u00f3l: <strong>Bartalos Emese, Fegyverneki Barnab\u00e1s, Hadjadj Karim, Hartmann Gerg\u0151, Jobb D\u00e1niel, Kap\u00e1s Amarilla Panna, Koll\u00e1th Eszter, Orb\u00e1n Rebeka, Reszter M\u00e1rk, Pap Di\u00e1na<\/strong><\/p>\n<p style=\"text-align: center;\">a 9. B oszt\u00e1lyunkb\u00f3l: <strong>Bl\u00e1ga Szonja, H\u00e1rskuti Gergely, Izs\u00e1ki Petra, Nemes Levente, Simon Zolt\u00e1n<\/strong><\/p>\n<p style=\"text-align: center;\">a 10. A oszt\u00e1lyunkb\u00f3l:<strong> \u00c1brah\u00e1m M\u00e1t\u00e9, B\u00e1n Benedek, Bittmann Bal\u00e1zs, H\u00e1ntai Bal\u00e1zs, N\u00e9meth Luca,\u00a0P\u00f3k Adrienn, P\u00f3k Cintia, Simon Mikl\u00f3s<\/strong><\/p>\n<p style=\"text-align: center;\">a 10. B oszt\u00e1lyunkb\u00f3l: <strong>Ballab\u00e1s M\u00e1rk, Kov\u00e1cs Alexandra, Nagy Borb\u00e1la, N\u00e9meth Zsombor, Pauer Csenge Vikt\u00f3ria<\/strong><\/p>\n<p style=\"text-align: center;\">a 11. A oszt\u00e1lyunkb\u00f3l: <strong>Elekes No\u00e9mi, Farkas Dorina, Magura Nikolett, Orb\u00e1n Gerg\u0151, Szab\u00f3 \u00c1ron, T\u00f3th \u00c1bel B\u00e1lint, T\u00f6r\u00f6k Fanni<\/strong><\/p>\n<p style=\"text-align: center;\">a 11. B oszt\u00e1lyunkb\u00f3l: <strong>F\u00f6demes R\u00e9ka, Hanzli Levente, Kecskem\u00e9ti Dominik, K\u00f3sa Barbara, Steiner Tam\u00e1s, Szekeres M\u00e1t\u00e9 Istv\u00e1n, Sz\u00e9p \u00c1kos D\u00e1niel, V\u00f6r\u00f6s Gy\u00f6rgyi<\/strong><\/p>\n<p style=\"text-align: center;\">a 12. A oszt\u00e1lyunkb\u00f3l: <strong>Andrusk\u00f3 Zolt\u00e1n, Horv\u00e1th Erik, Kert\u00e9sz D\u00e1vid<\/strong><\/p>\n<p style=\"text-align: center;\">a 12. B oszt\u00e1lyunkb\u00f3l: <strong>Czita J\u00e1nos, Haris J\u00f3zsef<\/strong><\/p>\n<p style=\"text-align: center;\">az 1\/13. oszt\u00e1lyunkb\u00f3l: <strong>Dobi Attila G\u00e1bor, Marczink\u00f3 Andr\u00e1s<\/strong><\/p>\n<p style=\"text-align: center;\">\u00e9s a 2\/14. oszt\u00e1lyunkb\u00f3l: <strong>Keszeg Martin<\/strong>.<\/p>\n<p style=\"text-align: center;\">A bel\u00e9p\u0151 \u00e9s t\u00e1mogat\u00f3 jegyeket iskolatitk\u00e1runk, <strong>Sz\u00edjjn\u00e9 Farkas M\u00f3nika<\/strong> \u00e1rus\u00edtotta; a tombolat\u00e1rgyakat <strong>Ambruzs P\u00e9ter Attila<\/strong> tartotta nyilv\u00e1n.<\/p>\n<p style=\"text-align: center;\">A tombolat\u00e1rgyak csomagol\u00e1s\u00e1ban <strong>Sz\u00edjjn\u00e9 Farkas M\u00f3nika, Izs\u00e1ki T\u00fcnde, Gernern\u00e9 P\u00e1vel Erika, Proh\u00e1szka Sarolta, Sebesty\u00e9n M\u00e1rta \u00e9s H\u00f3kn\u00e9 Szel\u0151czei Anna<\/strong> m\u0171k\u00f6dtek k\u00f6zre; a rendezv\u00e9ny helysz\u00edn\u00e9re sz\u00e1ll\u00edt\u00e1sban <strong>Z\u00f6rg\u0151 Alexandra, Vajda Bence \u00e9s Dala P\u00e9ter<\/strong> seg\u00e9dkezett.<\/p>\n<p>&nbsp;<\/p>\n<h2 style=\"text-align: center;\">\u00a0<strong>Mindenkinek k\u00f6sz\u00f6nj\u00fck!<\/strong><\/h2>\n<p>&nbsp;<\/p>\n<h4 style=\"text-align: center;\">Rem\u00e9lj\u00fck, minden b\u00e1loz\u00f3 j\u00f3l \u00e9rezte mag\u00e1t,<br \/>\nj\u00f3 hangulat\u00fa kikapcsol\u00f3d\u00e1sban lehetett r\u00e9sze,<br \/>\n\u00e9s b\u00edzunk benne, hogy j\u00f6v\u0151re \u00fajra tal\u00e1lkozhatunk<br \/>\na k\u00f6vetkez\u0151 Sz\u00e9chenyi-b\u00e1lon!<\/h4>\n<h2 style=\"text-align: center;\"><a href=\"https:\/\/photos.app.goo.gl\/IhDvAaHwiqKcrwyG2\">G A L \u00c9 R I A<\/a><\/h2>\n","protected":false},"excerpt":{"rendered":"<p>A 2017\/2018-as tan\u00e9v Sz\u00e9chenyi-b\u00e1lja 2017. november 11-\u00e9n este hat \u00f3rakor kezd\u0151d\u00f6tt a m\u00e1r megszokott helysz\u00ednen, a WF Szabadid\u0151park \u00e9tterm\u00e9ben. H\u00e1l\u00e1sak vagyunk, hogy az iskol\u00e1hoz k\u00f6t\u0151d\u0151k ebben a tan\u00e9vben is sz\u00e9p sz\u00e1mmal fejezt\u00e9k ki t\u00e1mogat\u00e1sukat ak\u00e1r megtisztel\u0151 jelenl\u00e9t\u00fckkel, ak\u00e1r a b\u00e1l szervez\u00e9s\u00e9ben ny\u00fajtott seg\u00edts\u00e9g\u00fckkel, tombolat\u00e1rgyak felaj\u00e1nl\u00e1s\u00e1val vagy \u00e9ppen t\u00e1mogat\u00f3 jegyek v\u00e1s\u00e1rl\u00e1s\u00e1val. [&hellip;]<\/p>\n","protected":false},"author":1,"featured_media":800,"comment_status":"closed","ping_status":"open","sticky":false,"template":"","format":"standard","meta":{"_EventAllDay":false,"_EventTimezone":"","_EventStartDate":"","_EventEndDate":"","_EventStartDateUTC":"","_EventEndDateUTC":"","_EventShowMap":false,"_EventShowMapLink":false,"_EventURL":"","_EventCost":"","_EventCostDescription":"","_EventCurrencySymbol":"","_EventCurrencyCode":"","_EventCurrencyPosition":"","_EventDateTimeSeparator":"","_EventTimeRangeSeparator":"","_EventOrganizerID":[],"_EventVenueID":[],"_OrganizerEmail":"","_OrganizerPhone":"","_OrganizerWebsite":"","_VenueAddress":"","_VenueCity":"","_VenueCountry":"","_VenueProvince":"","_VenueState":"","_VenueZip":"","_VenuePhone":"","_VenueURL":"","_VenueStateProvince":"","_VenueLat":"","_VenueLng":"","_VenueShowMap":false,"_VenueShowMapLink":false,"footnotes":""},"categories":[22,13,23],"tags":[],"class_list":["post-794","post","type-post","status-publish","format-standard","has-post-thumbnail","hentry","category-alapitvany","category-programok","category-szechenyi-bal"],"_links":{"self":[{"href":"https:\/\/szixi.hu\/web\/index.php\/wp-json\/wp\/v2\/posts\/794","targetHints":{"allow":["GET"]}}],"collection":[{"href":"https:\/\/szixi.hu\/web\/index.php\/wp-json\/wp\/v2\/posts"}],"about":[{"href":"https:\/\/szixi.hu\/web\/index.php\/wp-json\/wp\/v2\/types\/post"}],"author":[{"embeddable":true,"href":"https:\/\/szixi.hu\/web\/index.php\/wp-json\/wp\/v2\/users\/1"}],"replies":[{"embeddable":true,"href":"https:\/\/szixi.hu\/web\/index.php\/wp-json\/wp\/v2\/comments?post=794"}],"version-history":[{"count":10,"href":"https:\/\/szixi.hu\/web\/index.php\/wp-json\/wp\/v2\/posts\/794\/revisions"}],"predecessor-version":[{"id":820,"href":"https:\/\/szixi.hu\/web\/index.php\/wp-json\/wp\/v2\/posts\/794\/revisions\/820"}],"wp:featuredmedia":[{"embeddable":true,"href":"https:\/\/szixi.hu\/web\/index.php\/wp-json\/wp\/v2\/media\/800"}],"wp:attachment":[{"href":"https:\/\/szixi.hu\/web\/index.php\/wp-json\/wp\/v2\/media?parent=794"}],"wp:term":[{"taxonomy":"category","embeddable":true,"href":"https:\/\/szixi.hu\/web\/index.php\/wp-json\/wp\/v2\/categories?post=794"},{"taxonomy":"post_tag","embeddable":true,"href":"https:\/\/szixi.hu\/web\/index.php\/wp-json\/wp\/v2\/tags?post=794"}],"curies":[{"name":"wp","href":"https:\/\/api.w.org\/{rel}","templated":true}]}}